{"id":7507,"date":"2023-12-01T15:46:40","date_gmt":"2023-12-01T15:46:40","guid":{"rendered":"https:\/\/www.pdparacas.com.pe\/blog\/?p=7507"},"modified":"2023-12-01T15:46:40","modified_gmt":"2023-12-01T15:46:40","slug":"el-puerto-de-paracas-estuvo-presente-en-el-evento-lanzamiento-de-la-campana-de-la-uva-organizado-por-produce","status":"publish","type":"post","link":"https:\/\/www.pdparacas.com.pe\/blog\/el-puerto-de-paracas-estuvo-presente-en-el-evento-lanzamiento-de-la-campana-de-la-uva-organizado-por-produce\/","title":{"rendered":"EL PUERTO DE PARACAS ESTUVO PRESENTE EN EL EVENTO LANZAMIENTO DE LA CAMPA\u00d1A DE LA UVA, ORGANIZADO POR PRODUCE."},"content":{"rendered":"<p><strong>EL PUERTO DE PARACAS ESTUVO PRESENTE EN EL EVENTO LANZAMIENTO DE LA CAMPA\u00d1A DE LA UVA, ORGANIZADO POR PRODUCE.\u00a0<\/strong><\/p>\n<p><strong>23 de noviembre del 2023.<\/strong><\/p>\n<div dir=\"auto\">\n<div dir=\"auto\">\n<div dir=\"auto\">\n<div dir=\"auto\">\n<div class=\"xdj266r x11i5rnm xat24cr x1mh8g0r x1vvkbs x126k92a\">\n<div dir=\"auto\">\n<div dir=\"auto\">\n<div dir=\"auto\">\n<div dir=\"auto\">\n<div class=\"xdj266r x11i5rnm xat24cr x1mh8g0r x1vvkbs x126k92a\">\n<div dir=\"auto\">\n<div dir=\"auto\">\n<div dir=\"auto\"><span class=\"x3nfvp2 x1j61x8r x1fcty0u xdj266r xhhsvwb xat24cr xgzva0m xxymvpz xlup9mm x1kky2od\"><img loading=\"lazy\" class=\"xz74otr\" src=\"https:\/\/static.xx.fbcdn.net\/images\/emoji.php\/v9\/t45\/1\/16\/1f6a8.png\" alt=\"?\" width=\"16\" height=\"16\" \/><\/span>Puerto de Paracas: Pieza clave para la cadena exportadora del sur del pa\u00eds <span class=\"x3nfvp2 x1j61x8r x1fcty0u xdj266r xhhsvwb xat24cr xgzva0m xxymvpz xlup9mm x1kky2od\"><img loading=\"lazy\" class=\"xz74otr\" src=\"https:\/\/static.xx.fbcdn.net\/images\/emoji.php\/v9\/t3c\/1\/16\/1f4a1.png\" alt=\"?\" width=\"16\" height=\"16\" \/><\/span><span class=\"x3nfvp2 x1j61x8r x1fcty0u xdj266r xhhsvwb xat24cr xgzva0m xxymvpz xlup9mm x1kky2od\"><img loading=\"lazy\" class=\"xz74otr\" src=\"https:\/\/static.xx.fbcdn.net\/images\/emoji.php\/v9\/t3f\/1\/16\/1f6a2.png\" alt=\"?\" width=\"16\" height=\"16\" \/><\/span><\/div>\n<div dir=\"auto\">\n<div class=\"xdj266r x11i5rnm xat24cr x1mh8g0r x1vvkbs x126k92a\">\n<div dir=\"auto\">Estuvimos presentes en el evento Lanzamiento de la Campa\u00f1a de Uva<span class=\"x3nfvp2 x1j61x8r x1fcty0u xdj266r xhhsvwb xat24cr xgzva0m xxymvpz xlup9mm x1kky2od\"><img loading=\"lazy\" class=\"xz74otr\" src=\"https:\/\/static.xx.fbcdn.net\/images\/emoji.php\/v9\/te\/1\/16\/1f347.png\" alt=\"?\" width=\"16\" height=\"16\" \/><\/span>, organizado por el Ministerio de Producci\u00f3n (PRODUCE) y SENASA en el Centro de Innovaci\u00f3n Productiva y Transferencia Tecnol\u00f3gica Agroindustrial de Ica (CITE ICA). Nuestro subgerente Comercial, Rab\u00ed Vilela, explic\u00f3 a los representantes de las empresas participantes sobre el papel fundamental de nuestro terminal portuario en la cadena log\u00edstica de la exportaci\u00f3n, especialmente de la agroindustria del sur del Per\u00fa. <span class=\"x3nfvp2 x1j61x8r x1fcty0u xdj266r xhhsvwb xat24cr xgzva0m xxymvpz xlup9mm x1kky2od\"><img loading=\"lazy\" class=\"xz74otr\" src=\"https:\/\/static.xx.fbcdn.net\/images\/emoji.php\/v9\/t3f\/1\/16\/1f6a2.png\" alt=\"?\" width=\"16\" height=\"16\" \/><\/span><span class=\"x3nfvp2 x1j61x8r x1fcty0u xdj266r xhhsvwb xat24cr xgzva0m xxymvpz xlup9mm x1kky2od\"><img loading=\"lazy\" class=\"xz74otr\" src=\"https:\/\/static.xx.fbcdn.net\/images\/emoji.php\/v9\/t69\/1\/16\/1f331.png\" alt=\"?\" width=\"16\" height=\"16\" \/><\/span><\/div>\n<\/div>\n<div class=\"x11i5rnm xat24cr x1mh8g0r x1vvkbs xtlvy1s x126k92a\">\n<div dir=\"auto\">Gracias a todos los participantes y organizadores por crear un espacio donde pudimos compartir ideas y fortalecer la conexi\u00f3n entre nuestro puerto y la comunidad agroindustrial. Sigamos trabajando juntos a favor de la competitividad de nuestros sectores y el desarrollo de nuestro querido Per\u00fa <span class=\"x3nfvp2 x1j61x8r x1fcty0u xdj266r xhhsvwb xat24cr xgzva0m xxymvpz xlup9mm x1kky2od\"><img loading=\"lazy\" class=\"xz74otr\" src=\"https:\/\/static.xx.fbcdn.net\/images\/emoji.php\/v9\/t6c\/1\/16\/1f4aa.png\" alt=\"?\" width=\"16\" height=\"16\" \/><\/span><span class=\"x3nfvp2 x1j61x8r x1fcty0u xdj266r xhhsvwb xat24cr xgzva0m xxymvpz xlup9mm x1kky2od\"><img loading=\"lazy\" class=\"xz74otr\" src=\"https:\/\/static.xx.fbcdn.net\/images\/emoji.php\/v9\/tc0\/1\/16\/1f30e.png\" alt=\"?\" width=\"16\" height=\"16\" \/><\/span> <span class=\"x3nfvp2 x1j61x8r x1fcty0u xdj266r xhhsvwb xat24cr xgzva0m xxymvpz xlup9mm x1kky2od\"><img loading=\"lazy\" class=\"xz74otr\" src=\"https:\/\/static.xx.fbcdn.net\/images\/emoji.php\/v9\/t71\/1\/16\/1f1f5_1f1ea.png\" alt=\"??\" width=\"16\" height=\"16\" \/><\/span><\/div>\n<div dir=\"auto\"><a class=\"x1i10hfl xjbqb8w x6umtig x1b1mbwd xaqea5y xav7gou x9f619 x1ypdohk xt0psk2 xe8uvvx xdj266r x11i5rnm xat24cr x1mh8g0r xexx8yu x4uap5 x18d9i69 xkhd6sd x16tdsg8 x1hl2dhg xggy1nq x1a2a7pz xt0b8zv x1qq9wsj xo1l8bm\" tabindex=\"0\" role=\"link\" href=\"https:\/\/www.facebook.com\/hashtag\/puertodeparacas?__eep__=6&amp;__cft__[0]=AZVxXmtagyMTuSYZwV6-eh_4E53ZYx4W8-lHliCdG3St0iuy6atnuOwy7l_N1K0FqLAqS9ncUW79kM9ssZQmaPEYBFvoufNVpWUBZmQxxY3OQbBpuso1D9tGbi0kxLGWYdUPagKQKY0Xmek-_W4pHLhVO7ohliV7r6gQYEwfO0FY3UpnIhwyVhsJ9WPp46a-q3c&amp;__tn__=*NK-R\">#puertodeparacas<\/a> <a class=\"x1i10hfl xjbqb8w x6umtig x1b1mbwd xaqea5y xav7gou x9f619 x1ypdohk xt0psk2 xe8uvvx xdj266r x11i5rnm xat24cr x1mh8g0r xexx8yu x4uap5 x18d9i69 xkhd6sd x16tdsg8 x1hl2dhg xggy1nq x1a2a7pz xt0b8zv x1qq9wsj xo1l8bm\" tabindex=\"0\" role=\"link\" href=\"https:\/\/www.facebook.com\/hashtag\/agroindustria?__eep__=6&amp;__cft__[0]=AZVxXmtagyMTuSYZwV6-eh_4E53ZYx4W8-lHliCdG3St0iuy6atnuOwy7l_N1K0FqLAqS9ncUW79kM9ssZQmaPEYBFvoufNVpWUBZmQxxY3OQbBpuso1D9tGbi0kxLGWYdUPagKQKY0Xmek-_W4pHLhVO7ohliV7r6gQYEwfO0FY3UpnIhwyVhsJ9WPp46a-q3c&amp;__tn__=*NK-R\">#agroindustria<\/a> <a class=\"x1i10hfl xjbqb8w x6umtig x1b1mbwd xaqea5y xav7gou x9f619 x1ypdohk xt0psk2 xe8uvvx xdj266r x11i5rnm xat24cr x1mh8g0r xexx8yu x4uap5 x18d9i69 xkhd6sd x16tdsg8 x1hl2dhg xggy1nq x1a2a7pz xt0b8zv x1qq9wsj xo1l8bm\" tabindex=\"0\" role=\"link\" href=\"https:\/\/www.facebook.com\/hashtag\/exportaci%C3%B3n?__eep__=6&amp;__cft__[0]=AZVxXmtagyMTuSYZwV6-eh_4E53ZYx4W8-lHliCdG3St0iuy6atnuOwy7l_N1K0FqLAqS9ncUW79kM9ssZQmaPEYBFvoufNVpWUBZmQxxY3OQbBpuso1D9tGbi0kxLGWYdUPagKQKY0Xmek-_W4pHLhVO7ohliV7r6gQYEwfO0FY3UpnIhwyVhsJ9WPp46a-q3c&amp;__tn__=*NK-R\">#Exportaci\u00f3n<\/a> <a class=\"x1i10hfl xjbqb8w x6umtig x1b1mbwd xaqea5y xav7gou x9f619 x1ypdohk xt0psk2 xe8uvvx xdj266r x11i5rnm xat24cr x1mh8g0r xexx8yu x4uap5 x18d9i69 xkhd6sd x16tdsg8 x1hl2dhg xggy1nq x1a2a7pz xt0b8zv x1qq9wsj xo1l8bm\" tabindex=\"0\" role=\"link\" href=\"https:\/\/www.facebook.com\/hashtag\/transportemar%C3%ADtimo?__eep__=6&amp;__cft__[0]=AZVxXmtagyMTuSYZwV6-eh_4E53ZYx4W8-lHliCdG3St0iuy6atnuOwy7l_N1K0FqLAqS9ncUW79kM9ssZQmaPEYBFvoufNVpWUBZmQxxY3OQbBpuso1D9tGbi0kxLGWYdUPagKQKY0Xmek-_W4pHLhVO7ohliV7r6gQYEwfO0FY3UpnIhwyVhsJ9WPp46a-q3c&amp;__tn__=*NK-R\">#TransporteMar\u00edtimo<\/a><\/div>\n<\/div>\n<\/div>\n<\/div>\n<\/div>\n<\/div>\n<div class=\"x11i5rnm xat24cr x1mh8g0r x1vvkbs xtlvy1s x126k92a\">\n<div dir=\"auto\"><\/div>\n<\/div>\n<\/div>\n<\/div>\n<\/div>\n<\/div>\n<\/div>\n<div class=\"x11i5rnm xat24cr x1mh8g0r x1vvkbs xtlvy1s x126k92a\">\n<div dir=\"auto\" style=\"text-align: center;\"><\/div>\n<div dir=\"auto\"><img loading=\"lazy\" class=\"aligncenter size-large wp-image-7508\" src=\"http:\/\/www.pdparacas.com.pe\/blog\/wp-content\/uploads\/2023\/12\/CITE-1-1024x683.png\" alt=\"\" width=\"1024\" height=\"683\" srcset=\"https:\/\/www.pdparacas.com.pe\/blog\/wp-content\/uploads\/2023\/12\/CITE-1-1024x683.png 1024w, https:\/\/www.pdparacas.com.pe\/blog\/wp-content\/uploads\/2023\/12\/CITE-1-300x200.png 300w, https:\/\/www.pdparacas.com.pe\/blog\/wp-content\/uploads\/2023\/12\/CITE-1-768x512.png 768w, https:\/\/www.pdparacas.com.pe\/blog\/wp-content\/uploads\/2023\/12\/CITE-1-1536x1024.png 1536w, https:\/\/www.pdparacas.com.pe\/blog\/wp-content\/uploads\/2023\/12\/CITE-1-900x600.png 900w, https:\/\/www.pdparacas.com.pe\/blog\/wp-content\/uploads\/2023\/12\/CITE-1.png 1620w\" sizes=\"(max-width: 1024px) 100vw, 1024px\" \/><img loading=\"lazy\" class=\"aligncenter size-large wp-image-7509\" src=\"http:\/\/www.pdparacas.com.pe\/blog\/wp-content\/uploads\/2023\/12\/CITE-2-1024x683.png\" alt=\"\" width=\"1024\" height=\"683\" srcset=\"https:\/\/www.pdparacas.com.pe\/blog\/wp-content\/uploads\/2023\/12\/CITE-2-1024x683.png 1024w, https:\/\/www.pdparacas.com.pe\/blog\/wp-content\/uploads\/2023\/12\/CITE-2-300x200.png 300w, https:\/\/www.pdparacas.com.pe\/blog\/wp-content\/uploads\/2023\/12\/CITE-2-768x512.png 768w, https:\/\/www.pdparacas.com.pe\/blog\/wp-content\/uploads\/2023\/12\/CITE-2-1536x1024.png 1536w, https:\/\/www.pdparacas.com.pe\/blog\/wp-content\/uploads\/2023\/12\/CITE-2-900x600.png 900w, https:\/\/www.pdparacas.com.pe\/blog\/wp-content\/uploads\/2023\/12\/CITE-2.png 1620w\" sizes=\"(max-width: 1024px) 100vw, 1024px\" \/><img loading=\"lazy\" class=\"aligncenter size-large wp-image-7510\" src=\"http:\/\/www.pdparacas.com.pe\/blog\/wp-content\/uploads\/2023\/12\/CITE-3-1024x683.png\" alt=\"\" width=\"1024\" height=\"683\" srcset=\"https:\/\/www.pdparacas.com.pe\/blog\/wp-content\/uploads\/2023\/12\/CITE-3-1024x683.png 1024w, https:\/\/www.pdparacas.com.pe\/blog\/wp-content\/uploads\/2023\/12\/CITE-3-300x200.png 300w, https:\/\/www.pdparacas.com.pe\/blog\/wp-content\/uploads\/2023\/12\/CITE-3-768x512.png 768w, https:\/\/www.pdparacas.com.pe\/blog\/wp-content\/uploads\/2023\/12\/CITE-3-1536x1024.png 1536w, https:\/\/www.pdparacas.com.pe\/blog\/wp-content\/uploads\/2023\/12\/CITE-3-900x600.png 900w, https:\/\/www.pdparacas.com.pe\/blog\/wp-content\/uploads\/2023\/12\/CITE-3.png 1620w\" sizes=\"(max-width: 1024px) 100vw, 1024px\" \/><img loading=\"lazy\" class=\"aligncenter size-large wp-image-7511\" src=\"http:\/\/www.pdparacas.com.pe\/blog\/wp-content\/uploads\/2023\/12\/CITE-4-1024x683.png\" alt=\"\" width=\"1024\" height=\"683\" srcset=\"https:\/\/www.pdparacas.com.pe\/blog\/wp-content\/uploads\/2023\/12\/CITE-4-1024x683.png 1024w, https:\/\/www.pdparacas.com.pe\/blog\/wp-content\/uploads\/2023\/12\/CITE-4-300x200.png 300w, https:\/\/www.pdparacas.com.pe\/blog\/wp-content\/uploads\/2023\/12\/CITE-4-768x512.png 768w, https:\/\/www.pdparacas.com.pe\/blog\/wp-content\/uploads\/2023\/12\/CITE-4-1536x1024.png 1536w, https:\/\/www.pdparacas.com.pe\/blog\/wp-content\/uploads\/2023\/12\/CITE-4-900x600.png 900w, https:\/\/www.pdparacas.com.pe\/blog\/wp-content\/uploads\/2023\/12\/CITE-4.png 1620w\" sizes=\"(max-width: 1024px) 100vw, 1024px\" \/><\/div>\n<\/div>\n<\/div>\n<\/div>\n<\/div>\n<\/div>\n","protected":false},"excerpt":{"rendered":"<p>EL PUERTO DE PARACAS ESTUVO PRESENTE EN EL EVENTO LANZAMIENTO DE LA CAMPA\u00d1A DE LA&#8230;<\/p>\n","protected":false},"author":17,"featured_media":7508,"comment_status":"open","ping_status":"open","sticky":false,"template":"","format":"standard","meta":[],"categories":[1],"tags":[],"better_featured_image":{"id":7508,"alt_text":"","caption":"","description":"","media_type":"image","media_details":{"width":1620,"height":1080,"file":"2023\/12\/CITE-1.png","sizes":{"medium":{"file":"CITE-1-300x200.png","width":300,"height":200,"mime-type":"image\/png","source_url":"https:\/\/www.pdparacas.com.pe\/blog\/wp-content\/uploads\/2023\/12\/CITE-1-300x200.png"},"large":{"file":"CITE-1-1024x683.png","width":1024,"height":683,"mime-type":"image\/png","source_url":"https:\/\/www.pdparacas.com.pe\/blog\/wp-content\/uploads\/2023\/12\/CITE-1-1024x683.png"},"thumbnail":{"file":"CITE-1-150x150.png","width":150,"height":150,"mime-type":"image\/png","source_url":"https:\/\/www.pdparacas.com.pe\/blog\/wp-content\/uploads\/2023\/12\/CITE-1-150x150.png"},"medium_large":{"file":"CITE-1-768x512.png","width":768,"height":512,"mime-type":"image\/png","source_url":"https:\/\/www.pdparacas.com.pe\/blog\/wp-content\/uploads\/2023\/12\/CITE-1-768x512.png"},"1536x1536":{"file":"CITE-1-1536x1024.png","width":1536,"height":1024,"mime-type":"image\/png","source_url":"https:\/\/www.pdparacas.com.pe\/blog\/wp-content\/uploads\/2023\/12\/CITE-1-1536x1024.png"},"portfolio-thumb":{"file":"CITE-1-600x403.png","width":600,"height":403,"mime-type":"image\/png","source_url":"https:\/\/www.pdparacas.com.pe\/blog\/wp-content\/uploads\/2023\/12\/CITE-1-600x403.png"},"portfolio-thumb_small":{"file":"CITE-1-400x269.png","width":400,"height":269,"mime-type":"image\/png","source_url":"https:\/\/www.pdparacas.com.pe\/blog\/wp-content\/uploads\/2023\/12\/CITE-1-400x269.png"},"portfolio-widget":{"file":"CITE-1-100x100.png","width":100,"height":100,"mime-type":"image\/png","source_url":"https:\/\/www.pdparacas.com.pe\/blog\/wp-content\/uploads\/2023\/12\/CITE-1-100x100.png"},"nectar_small_square":{"file":"CITE-1-140x140.png","width":140,"height":140,"mime-type":"image\/png","source_url":"https:\/\/www.pdparacas.com.pe\/blog\/wp-content\/uploads\/2023\/12\/CITE-1-140x140.png"},"wide":{"file":"CITE-1-1000x500.png","width":1000,"height":500,"mime-type":"image\/png","source_url":"https:\/\/www.pdparacas.com.pe\/blog\/wp-content\/uploads\/2023\/12\/CITE-1-1000x500.png"},"wide_small":{"file":"CITE-1-670x335.png","width":670,"height":335,"mime-type":"image\/png","source_url":"https:\/\/www.pdparacas.com.pe\/blog\/wp-content\/uploads\/2023\/12\/CITE-1-670x335.png"},"regular":{"file":"CITE-1-500x500.png","width":500,"height":500,"mime-type":"image\/png","source_url":"https:\/\/www.pdparacas.com.pe\/blog\/wp-content\/uploads\/2023\/12\/CITE-1-500x500.png"},"regular_small":{"file":"CITE-1-350x350.png","width":350,"height":350,"mime-type":"image\/png","source_url":"https:\/\/www.pdparacas.com.pe\/blog\/wp-content\/uploads\/2023\/12\/CITE-1-350x350.png"},"tall":{"file":"CITE-1-500x1000.png","width":500,"height":1000,"mime-type":"image\/png","source_url":"https:\/\/www.pdparacas.com.pe\/blog\/wp-content\/uploads\/2023\/12\/CITE-1-500x1000.png"},"wide_tall":{"file":"CITE-1-1000x1000.png","width":1000,"height":1000,"mime-type":"image\/png","source_url":"https:\/\/www.pdparacas.com.pe\/blog\/wp-content\/uploads\/2023\/12\/CITE-1-1000x1000.png"},"wide_photography":{"file":"CITE-1-900x600.png","width":900,"height":600,"mime-type":"image\/png","source_url":"https:\/\/www.pdparacas.com.pe\/blog\/wp-content\/uploads\/2023\/12\/CITE-1-900x600.png"},"large_featured":{"file":"CITE-1-1620x700.png","width":1620,"height":700,"mime-type":"image\/png","source_url":"https:\/\/www.pdparacas.com.pe\/blog\/wp-content\/uploads\/2023\/12\/CITE-1-1620x700.png"},"medium_featured":{"file":"CITE-1-800x800.png","width":800,"height":800,"mime-type":"image\/png","source_url":"https:\/\/www.pdparacas.com.pe\/blog\/wp-content\/uploads\/2023\/12\/CITE-1-800x800.png"},"img_post":{"file":"CITE-1-365x250.png","width":365,"height":250,"mime-type":"image\/png","source_url":"https:\/\/www.pdparacas.com.pe\/blog\/wp-content\/uploads\/2023\/12\/CITE-1-365x250.png"}},"image_meta":{"aperture":"0","credit":"","camera":"","caption":"","created_timestamp":"0","copyright":"","focal_length":"0","iso":"0","shutter_speed":"0","title":"","orientation":"0","keywords":[]}},"post":7507,"source_url":"https:\/\/www.pdparacas.com.pe\/blog\/wp-content\/uploads\/2023\/12\/CITE-1.png"},"yoast_head":"<!-- This site is optimized with the Yoast SEO plugin v16.8 - https:\/\/yoast.com\/wordpress\/plugins\/seo\/ -->\n<title>\u25b7 EL PUERTO DE PARACAS ESTUVO PRESENTE EN EL EVENTO LANZAMIENTO DE LA CAMPA\u00d1A DE LA UVA, ORGANIZADO POR PRODUCE.\u00a0<\/title>\n<meta name=\"description\" content=\"\u25b7 El Puerto de Paracas estuvo presente en el evento Lanzamiento de la Campa\u00f1a de la Uva, organizado por PRODUCE. Conoce los detalles en este interesante blog. \u2705\" \/>\n<meta name=\"robots\" content=\"index, follow, max-snippet:-1, max-image-preview:large, max-video-preview:-1\" \/>\n<link rel=\"canonical\" href=\"https:\/\/www.pdparacas.com.pe\/blog\/el-puerto-de-paracas-estuvo-presente-en-el-evento-lanzamiento-de-la-campana-de-la-uva-organizado-por-produce\/\" \/>\n<meta property=\"og:locale\" content=\"es_ES\" \/>\n<meta property=\"og:type\" content=\"article\" \/>\n<meta property=\"og:title\" content=\"\u25b7 EL PUERTO DE PARACAS ESTUVO PRESENTE EN EL EVENTO LANZAMIENTO DE LA CAMPA\u00d1A DE LA UVA, ORGANIZADO POR PRODUCE.\u00a0\" \/>\n<meta property=\"og:description\" content=\"\u25b7 El Puerto de Paracas estuvo presente en el evento Lanzamiento de la Campa\u00f1a de la Uva, organizado por PRODUCE. Conoce los detalles en este interesante blog. \u2705\" \/>\n<meta property=\"og:url\" content=\"https:\/\/www.pdparacas.com.pe\/blog\/el-puerto-de-paracas-estuvo-presente-en-el-evento-lanzamiento-de-la-campana-de-la-uva-organizado-por-produce\/\" \/>\n<meta property=\"og:site_name\" content=\"Puerto de Paracas - Blog\" \/>\n<meta property=\"article:published_time\" content=\"2023-12-01T15:46:40+00:00\" \/>\n<meta property=\"og:image\" content=\"http:\/\/www.pdparacas.com.pe\/blog\/wp-content\/uploads\/2023\/12\/CITE-1-1024x683.png\" \/>\n\t<meta property=\"og:image:width\" content=\"1024\" \/>\n\t<meta property=\"og:image:height\" content=\"683\" \/>\n<meta name=\"twitter:card\" content=\"summary_large_image\" \/>\n<meta name=\"twitter:label1\" content=\"Escrito por\" \/>\n\t<meta name=\"twitter:data1\" content=\"Samuel Reyes\" \/>\n\t<meta name=\"twitter:label2\" content=\"Tiempo de lectura\" \/>\n\t<meta name=\"twitter:data2\" content=\"4 minutos\" \/>\n<script type=\"application\/ld+json\" class=\"yoast-schema-graph\">{\"@context\":\"https:\/\/schema.org\",\"@graph\":[{\"@type\":\"WebSite\",\"@id\":\"https:\/\/www.pdparacas.com.pe\/blog\/#website\",\"url\":\"https:\/\/www.pdparacas.com.pe\/blog\/\",\"name\":\"Puerto de Paracas - Blog\",\"description\":\"\",\"potentialAction\":[{\"@type\":\"SearchAction\",\"target\":{\"@type\":\"EntryPoint\",\"urlTemplate\":\"https:\/\/www.pdparacas.com.pe\/blog\/?s={search_term_string}\"},\"query-input\":\"required name=search_term_string\"}],\"inLanguage\":\"es\"},{\"@type\":\"ImageObject\",\"@id\":\"https:\/\/www.pdparacas.com.pe\/blog\/el-puerto-de-paracas-estuvo-presente-en-el-evento-lanzamiento-de-la-campana-de-la-uva-organizado-por-produce\/#primaryimage\",\"inLanguage\":\"es\",\"url\":\"https:\/\/www.pdparacas.com.pe\/blog\/wp-content\/uploads\/2023\/12\/CITE-1.png\",\"contentUrl\":\"https:\/\/www.pdparacas.com.pe\/blog\/wp-content\/uploads\/2023\/12\/CITE-1.png\",\"width\":1620,\"height\":1080},{\"@type\":\"WebPage\",\"@id\":\"https:\/\/www.pdparacas.com.pe\/blog\/el-puerto-de-paracas-estuvo-presente-en-el-evento-lanzamiento-de-la-campana-de-la-uva-organizado-por-produce\/#webpage\",\"url\":\"https:\/\/www.pdparacas.com.pe\/blog\/el-puerto-de-paracas-estuvo-presente-en-el-evento-lanzamiento-de-la-campana-de-la-uva-organizado-por-produce\/\",\"name\":\"\\u25b7 EL PUERTO DE PARACAS ESTUVO PRESENTE EN EL EVENTO LANZAMIENTO DE LA CAMPA\\u00d1A DE LA UVA, ORGANIZADO POR PRODUCE.\\u00a0\",\"isPartOf\":{\"@id\":\"https:\/\/www.pdparacas.com.pe\/blog\/#website\"},\"primaryImageOfPage\":{\"@id\":\"https:\/\/www.pdparacas.com.pe\/blog\/el-puerto-de-paracas-estuvo-presente-en-el-evento-lanzamiento-de-la-campana-de-la-uva-organizado-por-produce\/#primaryimage\"},\"datePublished\":\"2023-12-01T15:46:40+00:00\",\"dateModified\":\"2023-12-01T15:46:40+00:00\",\"author\":{\"@id\":\"https:\/\/www.pdparacas.com.pe\/blog\/#\/schema\/person\/40f4a1f66107d54c1a25d656e7a6ac7f\"},\"description\":\"\\u25b7 El Puerto de Paracas estuvo presente en el evento Lanzamiento de la Campa\\u00f1a de la Uva, organizado por PRODUCE. Conoce los detalles en este interesante blog. \\u2705\",\"breadcrumb\":{\"@id\":\"https:\/\/www.pdparacas.com.pe\/blog\/el-puerto-de-paracas-estuvo-presente-en-el-evento-lanzamiento-de-la-campana-de-la-uva-organizado-por-produce\/#breadcrumb\"},\"inLanguage\":\"es\",\"potentialAction\":[{\"@type\":\"ReadAction\",\"target\":[\"https:\/\/www.pdparacas.com.pe\/blog\/el-puerto-de-paracas-estuvo-presente-en-el-evento-lanzamiento-de-la-campana-de-la-uva-organizado-por-produce\/\"]}]},{\"@type\":\"BreadcrumbList\",\"@id\":\"https:\/\/www.pdparacas.com.pe\/blog\/el-puerto-de-paracas-estuvo-presente-en-el-evento-lanzamiento-de-la-campana-de-la-uva-organizado-por-produce\/#breadcrumb\",\"itemListElement\":[{\"@type\":\"ListItem\",\"position\":1,\"name\":\"Portada\",\"item\":\"https:\/\/www.pdparacas.com.pe\/blog\/\"},{\"@type\":\"ListItem\",\"position\":2,\"name\":\"EL PUERTO DE PARACAS ESTUVO PRESENTE EN EL EVENTO LANZAMIENTO DE LA CAMPA\\u00d1A DE LA UVA, ORGANIZADO POR PRODUCE.\"}]},{\"@type\":\"Person\",\"@id\":\"https:\/\/www.pdparacas.com.pe\/blog\/#\/schema\/person\/40f4a1f66107d54c1a25d656e7a6ac7f\",\"name\":\"Samuel Reyes\",\"image\":{\"@type\":\"ImageObject\",\"@id\":\"https:\/\/www.pdparacas.com.pe\/blog\/#personlogo\",\"inLanguage\":\"es\",\"url\":\"https:\/\/secure.gravatar.com\/avatar\/40a2c27a4520da1b7f58e63ff303a47b?s=96&d=mm&r=g\",\"contentUrl\":\"https:\/\/secure.gravatar.com\/avatar\/40a2c27a4520da1b7f58e63ff303a47b?s=96&d=mm&r=g\",\"caption\":\"Samuel Reyes\"},\"url\":\"https:\/\/www.pdparacas.com.pe\/blog\/author\/s-reyespdparacas-com-pe\/\"}]}<\/script>\n<!-- \/ Yoast SEO plugin. -->","yoast_head_json":{"title":"\u25b7 EL PUERTO DE PARACAS ESTUVO PRESENTE EN EL EVENTO LANZAMIENTO DE LA CAMPA\u00d1A DE LA UVA, ORGANIZADO POR PRODUCE.\u00a0","description":"\u25b7 El Puerto de Paracas estuvo presente en el evento Lanzamiento de la Campa\u00f1a de la Uva, organizado por PRODUCE. Conoce los detalles en este interesante blog. \u2705","robots":{"index":"index","follow":"follow","max-snippet":"max-snippet:-1","max-image-preview":"max-image-preview:large","max-video-preview":"max-video-preview:-1"},"canonical":"https:\/\/www.pdparacas.com.pe\/blog\/el-puerto-de-paracas-estuvo-presente-en-el-evento-lanzamiento-de-la-campana-de-la-uva-organizado-por-produce\/","og_locale":"es_ES","og_type":"article","og_title":"\u25b7 EL PUERTO DE PARACAS ESTUVO PRESENTE EN EL EVENTO LANZAMIENTO DE LA CAMPA\u00d1A DE LA UVA, ORGANIZADO POR PRODUCE.\u00a0","og_description":"\u25b7 El Puerto de Paracas estuvo presente en el evento Lanzamiento de la Campa\u00f1a de la Uva, organizado por PRODUCE. Conoce los detalles en este interesante blog. \u2705","og_url":"https:\/\/www.pdparacas.com.pe\/blog\/el-puerto-de-paracas-estuvo-presente-en-el-evento-lanzamiento-de-la-campana-de-la-uva-organizado-por-produce\/","og_site_name":"Puerto de Paracas - Blog","article_published_time":"2023-12-01T15:46:40+00:00","og_image":[{"width":1024,"height":683,"path":"2023\/12\/CITE-1-1024x683.png","url":"http:\/\/www.pdparacas.com.pe\/blog\/wp-content\/uploads\/2023\/12\/CITE-1-1024x683.png","size":"large","id":7508,"alt":"","pixels":699392,"type":"image\/png"}],"twitter_card":"summary_large_image","twitter_misc":{"Escrito por":"Samuel Reyes","Tiempo de lectura":"4 minutos"},"schema":{"@context":"https:\/\/schema.org","@graph":[{"@type":"WebSite","@id":"https:\/\/www.pdparacas.com.pe\/blog\/#website","url":"https:\/\/www.pdparacas.com.pe\/blog\/","name":"Puerto de Paracas - Blog","description":"","potentialAction":[{"@type":"SearchAction","target":{"@type":"EntryPoint","urlTemplate":"https:\/\/www.pdparacas.com.pe\/blog\/?s={search_term_string}"},"query-input":"required name=search_term_string"}],"inLanguage":"es"},{"@type":"ImageObject","@id":"https:\/\/www.pdparacas.com.pe\/blog\/el-puerto-de-paracas-estuvo-presente-en-el-evento-lanzamiento-de-la-campana-de-la-uva-organizado-por-produce\/#primaryimage","inLanguage":"es","url":"https:\/\/www.pdparacas.com.pe\/blog\/wp-content\/uploads\/2023\/12\/CITE-1.png","contentUrl":"https:\/\/www.pdparacas.com.pe\/blog\/wp-content\/uploads\/2023\/12\/CITE-1.png","width":1620,"height":1080},{"@type":"WebPage","@id":"https:\/\/www.pdparacas.com.pe\/blog\/el-puerto-de-paracas-estuvo-presente-en-el-evento-lanzamiento-de-la-campana-de-la-uva-organizado-por-produce\/#webpage","url":"https:\/\/www.pdparacas.com.pe\/blog\/el-puerto-de-paracas-estuvo-presente-en-el-evento-lanzamiento-de-la-campana-de-la-uva-organizado-por-produce\/","name":"\u25b7 EL PUERTO DE PARACAS ESTUVO PRESENTE EN EL EVENTO LANZAMIENTO DE LA CAMPA\u00d1A DE LA UVA, ORGANIZADO POR PRODUCE.\u00a0","isPartOf":{"@id":"https:\/\/www.pdparacas.com.pe\/blog\/#website"},"primaryImageOfPage":{"@id":"https:\/\/www.pdparacas.com.pe\/blog\/el-puerto-de-paracas-estuvo-presente-en-el-evento-lanzamiento-de-la-campana-de-la-uva-organizado-por-produce\/#primaryimage"},"datePublished":"2023-12-01T15:46:40+00:00","dateModified":"2023-12-01T15:46:40+00:00","author":{"@id":"https:\/\/www.pdparacas.com.pe\/blog\/#\/schema\/person\/40f4a1f66107d54c1a25d656e7a6ac7f"},"description":"\u25b7 El Puerto de Paracas estuvo presente en el evento Lanzamiento de la Campa\u00f1a de la Uva, organizado por PRODUCE. Conoce los detalles en este interesante blog. \u2705","breadcrumb":{"@id":"https:\/\/www.pdparacas.com.pe\/blog\/el-puerto-de-paracas-estuvo-presente-en-el-evento-lanzamiento-de-la-campana-de-la-uva-organizado-por-produce\/#breadcrumb"},"inLanguage":"es","potentialAction":[{"@type":"ReadAction","target":["https:\/\/www.pdparacas.com.pe\/blog\/el-puerto-de-paracas-estuvo-presente-en-el-evento-lanzamiento-de-la-campana-de-la-uva-organizado-por-produce\/"]}]},{"@type":"BreadcrumbList","@id":"https:\/\/www.pdparacas.com.pe\/blog\/el-puerto-de-paracas-estuvo-presente-en-el-evento-lanzamiento-de-la-campana-de-la-uva-organizado-por-produce\/#breadcrumb","itemListElement":[{"@type":"ListItem","position":1,"name":"Portada","item":"https:\/\/www.pdparacas.com.pe\/blog\/"},{"@type":"ListItem","position":2,"name":"EL PUERTO DE PARACAS ESTUVO PRESENTE EN EL EVENTO LANZAMIENTO DE LA CAMPA\u00d1A DE LA UVA, ORGANIZADO POR PRODUCE."}]},{"@type":"Person","@id":"https:\/\/www.pdparacas.com.pe\/blog\/#\/schema\/person\/40f4a1f66107d54c1a25d656e7a6ac7f","name":"Samuel Reyes","image":{"@type":"ImageObject","@id":"https:\/\/www.pdparacas.com.pe\/blog\/#personlogo","inLanguage":"es","url":"https:\/\/secure.gravatar.com\/avatar\/40a2c27a4520da1b7f58e63ff303a47b?s=96&d=mm&r=g","contentUrl":"https:\/\/secure.gravatar.com\/avatar\/40a2c27a4520da1b7f58e63ff303a47b?s=96&d=mm&r=g","caption":"Samuel Reyes"},"url":"https:\/\/www.pdparacas.com.pe\/blog\/author\/s-reyespdparacas-com-pe\/"}]}},"_links":{"self":[{"href":"https:\/\/www.pdparacas.com.pe\/blog\/wp-json\/wp\/v2\/posts\/7507"}],"collection":[{"href":"https:\/\/www.pdparacas.com.pe\/blog\/wp-json\/wp\/v2\/posts"}],"about":[{"href":"https:\/\/www.pdparacas.com.pe\/blog\/wp-json\/wp\/v2\/types\/post"}],"author":[{"embeddable":true,"href":"https:\/\/www.pdparacas.com.pe\/blog\/wp-json\/wp\/v2\/users\/17"}],"replies":[{"embeddable":true,"href":"https:\/\/www.pdparacas.com.pe\/blog\/wp-json\/wp\/v2\/comments?post=7507"}],"version-history":[{"count":1,"href":"https:\/\/www.pdparacas.com.pe\/blog\/wp-json\/wp\/v2\/posts\/7507\/revisions"}],"predecessor-version":[{"id":7512,"href":"https:\/\/www.pdparacas.com.pe\/blog\/wp-json\/wp\/v2\/posts\/7507\/revisions\/7512"}],"wp:featuredmedia":[{"embeddable":true,"href":"https:\/\/www.pdparacas.com.pe\/blog\/wp-json\/wp\/v2\/media\/7508"}],"wp:attachment":[{"href":"https:\/\/www.pdparacas.com.pe\/blog\/wp-json\/wp\/v2\/media?parent=7507"}],"wp:term":[{"taxonomy":"category","embeddable":true,"href":"https:\/\/www.pdparacas.com.pe\/blog\/wp-json\/wp\/v2\/categories?post=7507"},{"taxonomy":"post_tag","embeddable":true,"href":"https:\/\/www.pdparacas.com.pe\/blog\/wp-json\/wp\/v2\/tags?post=7507"}],"curies":[{"name":"wp","href":"https:\/\/api.w.org\/{rel}","templated":true}]}}