{"id":7439,"date":"2023-11-02T14:27:54","date_gmt":"2023-11-02T14:27:54","guid":{"rendered":"https:\/\/www.pdparacas.com.pe\/blog\/?p=7439"},"modified":"2023-11-02T14:35:22","modified_gmt":"2023-11-02T14:35:22","slug":"nos-sentimos-orgullosos-de-compartir-la-entrevista-realizada-a-nuestro-coo-cesar-martin-rojas-alvaro-en-el-programa-economia-para-todos-de-rpp-tv","status":"publish","type":"post","link":"https:\/\/www.pdparacas.com.pe\/blog\/nos-sentimos-orgullosos-de-compartir-la-entrevista-realizada-a-nuestro-coo-cesar-martin-rojas-alvaro-en-el-programa-economia-para-todos-de-rpp-tv\/","title":{"rendered":"NOS SENTIMOS ORGULLOSOS DE COMPARTIR LA ENTREVISTA REALIZADA A NUESTRO COO, CESAR MART\u00cdN ROJAS \u00c1LVARO, EN EL PROGRAMA \u00abECONOM\u00cdA PARA TODOS\u00bb DE RPP TV."},"content":{"rendered":"<p><strong>NOS SENTIMOS ORGULLOSOS DE COMPARTIR LA ENTREVISTA REALIZADA A NUESTRO COO, CESAR MART\u00cdN ROJAS \u00c1LVARO, EN EL PROGRAMA \u00abECONOM\u00cdA PARA TODOS\u00bb DE RPP TV.<\/strong><\/p>\n<p><strong>27 de octubre del 2023.<\/strong><\/p>\n<div dir=\"auto\">Nos sentimos orgullosos de compartir la entrevista realizada a nuestro COO, Cesar Mart\u00edn Rojas Alvaro, en el programa \u00abEconom\u00eda para Todos\u00bb de @RPP TV <span class=\"x3nfvp2 x1j61x8r x1fcty0u xdj266r xhhsvwb xat24cr xgzva0m xxymvpz xlup9mm x1kky2od\"><img loading=\"lazy\" class=\"xz74otr\" src=\"https:\/\/static.xx.fbcdn.net\/images\/emoji.php\/v9\/t87\/1\/16\/1f4fa.png\" alt=\"?\" width=\"16\" height=\"16\" \/><\/span> en la que brind\u00f3 detalles sobre dos importantes hitos alcanzados por nuestro Puerto de Paracas:<\/div>\n<div dir=\"auto\"><span class=\"x3nfvp2 x1j61x8r x1fcty0u xdj266r xhhsvwb xat24cr xgzva0m xxymvpz xlup9mm x1kky2od\"><img loading=\"lazy\" class=\"xz74otr\" src=\"https:\/\/static.xx.fbcdn.net\/images\/emoji.php\/v9\/tac\/1\/16\/1f4cc.png\" alt=\"?\" width=\"16\" height=\"16\" \/><\/span> El reconocimiento que recibimos del Foro de Cooperaci\u00f3n Econ\u00f3mica de Asia Pac\u00edfico (APEC), que nos distingui\u00f3 como Puerto Verde <span class=\"x3nfvp2 x1j61x8r x1fcty0u xdj266r xhhsvwb xat24cr xgzva0m xxymvpz xlup9mm x1kky2od\"><img loading=\"lazy\" class=\"xz74otr\" src=\"https:\/\/static.xx.fbcdn.net\/images\/emoji.php\/v9\/t69\/1\/16\/1f331.png\" alt=\"?\" width=\"16\" height=\"16\" \/><\/span><span class=\"x3nfvp2 x1j61x8r x1fcty0u xdj266r xhhsvwb xat24cr xgzva0m xxymvpz xlup9mm x1kky2od\"><img loading=\"lazy\" class=\"xz74otr\" src=\"https:\/\/static.xx.fbcdn.net\/images\/emoji.php\/v9\/tc0\/1\/16\/1f30e.png\" alt=\"?\" width=\"16\" height=\"16\" \/><\/span>, siendo el \u00fanico puerto peruano premiado en esta edici\u00f3n 2023<\/div>\n<div dir=\"auto\"><span class=\"x3nfvp2 x1j61x8r x1fcty0u xdj266r xhhsvwb xat24cr xgzva0m xxymvpz xlup9mm x1kky2od\"><img loading=\"lazy\" class=\"xz74otr\" src=\"https:\/\/static.xx.fbcdn.net\/images\/emoji.php\/v9\/tac\/1\/16\/1f4cc.png\" alt=\"?\" width=\"16\" height=\"16\" \/><\/span> El servicio premium para exportadores de la l\u00ednea<a class=\"x1i10hfl xjbqb8w x6umtig x1b1mbwd xaqea5y xav7gou x9f619 x1ypdohk xt0psk2 xe8uvvx xdj266r x11i5rnm xat24cr x1mh8g0r xexx8yu x4uap5 x18d9i69 xkhd6sd x16tdsg8 x1hl2dhg xggy1nq x1a2a7pz xt0b8zv x1qq9wsj xo1l8bm\" tabindex=\"0\" role=\"link\" href=\"https:\/\/www.facebook.com\/MSCCargo?__cft__[0]=AZUPSl5E2eZ1RqJMgW_VusCoEK0fTjWHGdLa3op-Ed_Y7o5zAsboYODfQMWunaqauiQIz1Vv7A5gWK3o9Yhgz3MDyaICxMVq6A4sR1vkSB2dYcILzMhD12pns13m309le7ABDlxfSPKInX533xLnGpZFYYOr_EQJNt9d20FQwy_9S8COhHCQO08-NS9k5LJB9Z4&amp;__tn__=-]K-R\"><span class=\"xt0psk2\"> MSC Mediterranean Shipping C<\/span><\/a>o, el cual sumado a la l\u00ednea<a class=\"x1i10hfl xjbqb8w x6umtig x1b1mbwd xaqea5y xav7gou x9f619 x1ypdohk xt0psk2 xe8uvvx xdj266r x11i5rnm xat24cr x1mh8g0r xexx8yu x4uap5 x18d9i69 xkhd6sd x16tdsg8 x1hl2dhg xggy1nq x1a2a7pz xt0b8zv x1qq9wsj xo1l8bm\" tabindex=\"0\" role=\"link\" href=\"https:\/\/www.facebook.com\/Maersk?__cft__[0]=AZUPSl5E2eZ1RqJMgW_VusCoEK0fTjWHGdLa3op-Ed_Y7o5zAsboYODfQMWunaqauiQIz1Vv7A5gWK3o9Yhgz3MDyaICxMVq6A4sR1vkSB2dYcILzMhD12pns13m309le7ABDlxfSPKInX533xLnGpZFYYOr_EQJNt9d20FQwy_9S8COhHCQO08-NS9k5LJB9Z4&amp;__tn__=-]K-R\"><span class=\"xt0psk2\"> Maers<\/span><\/a>k generan una oferta naviera y log\u00edstica muy competitiva para los agroexportadores. <span class=\"x3nfvp2 x1j61x8r x1fcty0u xdj266r xhhsvwb xat24cr xgzva0m xxymvpz xlup9mm x1kky2od\"><img loading=\"lazy\" class=\"xz74otr\" src=\"https:\/\/static.xx.fbcdn.net\/images\/emoji.php\/v9\/t3f\/1\/16\/1f6a2.png\" alt=\"?\" width=\"16\" height=\"16\" \/><\/span><\/div>\n<div dir=\"auto\">\u00a1Seguimos trabajando con responsabilidad y compromiso por el desarrollo del sur del pa\u00eds! <span class=\"x3nfvp2 x1j61x8r x1fcty0u xdj266r xhhsvwb xat24cr xgzva0m xxymvpz xlup9mm x1kky2od\"><img loading=\"lazy\" class=\"xz74otr\" src=\"https:\/\/static.xx.fbcdn.net\/images\/emoji.php\/v9\/tde\/1\/16\/1f3d7.png\" alt=\"?\ufe0f\" width=\"16\" height=\"16\" \/><\/span><span class=\"x3nfvp2 x1j61x8r x1fcty0u xdj266r xhhsvwb xat24cr xgzva0m xxymvpz xlup9mm x1kky2od\"><img loading=\"lazy\" class=\"xz74otr\" src=\"https:\/\/static.xx.fbcdn.net\/images\/emoji.php\/v9\/t5a\/1\/16\/1f477_200d_2640.png\" alt=\"?\u200d\u2640\ufe0f\" width=\"16\" height=\"16\" \/><\/span><\/div>\n<div dir=\"auto\">Ent\u00e9rate m\u00e1s en la siguiente nota<span class=\"x3nfvp2 x1j61x8r x1fcty0u xdj266r xhhsvwb xat24cr xgzva0m xxymvpz xlup9mm x1kky2od\"><img loading=\"lazy\" class=\"xz74otr\" src=\"https:\/\/static.xx.fbcdn.net\/images\/emoji.php\/v9\/t4f\/1\/16\/1f447.png\" alt=\"?\" width=\"16\" height=\"16\" \/><\/span><\/div>\n<div dir=\"auto\"><a class=\"x1i10hfl xjbqb8w x6umtig x1b1mbwd xaqea5y xav7gou x9f619 x1ypdohk xt0psk2 xe8uvvx xdj266r x11i5rnm xat24cr x1mh8g0r xexx8yu x4uap5 x18d9i69 xkhd6sd x16tdsg8 x1hl2dhg xggy1nq x1a2a7pz xt0b8zv x1qq9wsj xo1l8bm\" tabindex=\"0\" role=\"link\" href=\"https:\/\/www.facebook.com\/hashtag\/pdp?__eep__=6&amp;__cft__[0]=AZUPSl5E2eZ1RqJMgW_VusCoEK0fTjWHGdLa3op-Ed_Y7o5zAsboYODfQMWunaqauiQIz1Vv7A5gWK3o9Yhgz3MDyaICxMVq6A4sR1vkSB2dYcILzMhD12pns13m309le7ABDlxfSPKInX533xLnGpZFYYOr_EQJNt9d20FQwy_9S8COhHCQO08-NS9k5LJB9Z4&amp;__tn__=*NK-R\">#PdP<\/a> <a class=\"x1i10hfl xjbqb8w x6umtig x1b1mbwd xaqea5y xav7gou x9f619 x1ypdohk xt0psk2 xe8uvvx xdj266r x11i5rnm xat24cr x1mh8g0r xexx8yu x4uap5 x18d9i69 xkhd6sd x16tdsg8 x1hl2dhg xggy1nq x1a2a7pz xt0b8zv x1qq9wsj xo1l8bm\" tabindex=\"0\" role=\"link\" href=\"https:\/\/www.facebook.com\/hashtag\/rppnoticias?__eep__=6&amp;__cft__[0]=AZUPSl5E2eZ1RqJMgW_VusCoEK0fTjWHGdLa3op-Ed_Y7o5zAsboYODfQMWunaqauiQIz1Vv7A5gWK3o9Yhgz3MDyaICxMVq6A4sR1vkSB2dYcILzMhD12pns13m309le7ABDlxfSPKInX533xLnGpZFYYOr_EQJNt9d20FQwy_9S8COhHCQO08-NS9k5LJB9Z4&amp;__tn__=*NK-R\">#RPPNoticias<\/a> <a class=\"x1i10hfl xjbqb8w x6umtig x1b1mbwd xaqea5y xav7gou x9f619 x1ypdohk xt0psk2 xe8uvvx xdj266r x11i5rnm xat24cr x1mh8g0r xexx8yu x4uap5 x18d9i69 xkhd6sd x16tdsg8 x1hl2dhg xggy1nq x1a2a7pz xt0b8zv x1qq9wsj xo1l8bm\" tabindex=\"0\" role=\"link\" href=\"https:\/\/www.facebook.com\/hashtag\/puertomodernoseguroyeficiente?__eep__=6&amp;__cft__[0]=AZUPSl5E2eZ1RqJMgW_VusCoEK0fTjWHGdLa3op-Ed_Y7o5zAsboYODfQMWunaqauiQIz1Vv7A5gWK3o9Yhgz3MDyaICxMVq6A4sR1vkSB2dYcILzMhD12pns13m309le7ABDlxfSPKInX533xLnGpZFYYOr_EQJNt9d20FQwy_9S8COhHCQO08-NS9k5LJB9Z4&amp;__tn__=*NK-R\">#PuertoModernoSeguroYEficiente<\/a><\/div>\n<div dir=\"auto\">\n<div class=\"xdj266r x11i5rnm xat24cr x1mh8g0r x1vvkbs x126k92a\">\n<div dir=\"auto\">\n<div dir=\"auto\">\n<div class=\"xdj266r x11i5rnm xat24cr x1mh8g0r x1vvkbs x126k92a\"><\/div>\n<div class=\"x11i5rnm xat24cr x1mh8g0r x1vvkbs xtlvy1s x126k92a\"><\/div>\n<\/div>\n<\/div>\n<\/div>\n<\/div>\n<p>&nbsp;<\/p>\n<p><img loading=\"lazy\" class=\"aligncenter size-large wp-image-7440\" src=\"http:\/\/www.pdparacas.com.pe\/blog\/wp-content\/uploads\/2023\/11\/Captura-de-pantalla-2023-11-02-092445-1024x574.png\" alt=\"\" width=\"1024\" height=\"574\" srcset=\"https:\/\/www.pdparacas.com.pe\/blog\/wp-content\/uploads\/2023\/11\/Captura-de-pantalla-2023-11-02-092445-1024x574.png 1024w, https:\/\/www.pdparacas.com.pe\/blog\/wp-content\/uploads\/2023\/11\/Captura-de-pantalla-2023-11-02-092445-300x168.png 300w, https:\/\/www.pdparacas.com.pe\/blog\/wp-content\/uploads\/2023\/11\/Captura-de-pantalla-2023-11-02-092445-768x430.png 768w, https:\/\/www.pdparacas.com.pe\/blog\/wp-content\/uploads\/2023\/11\/Captura-de-pantalla-2023-11-02-092445-1536x861.png 1536w, https:\/\/www.pdparacas.com.pe\/blog\/wp-content\/uploads\/2023\/11\/Captura-de-pantalla-2023-11-02-092445.png 1588w\" sizes=\"(max-width: 1024px) 100vw, 1024px\" \/><\/p>\n","protected":false},"excerpt":{"rendered":"<p>NOS SENTIMOS ORGULLOSOS DE COMPARTIR LA ENTREVISTA REALIZADA A NUESTRO COO, CESAR MART\u00cdN ROJAS \u00c1LVARO,&#8230;<\/p>\n","protected":false},"author":17,"featured_media":7440,"comment_status":"open","ping_status":"open","sticky":false,"template":"","format":"standard","meta":[],"categories":[1],"tags":[],"better_featured_image":{"id":7440,"alt_text":"","caption":"","description":"","media_type":"image","media_details":{"width":1588,"height":890,"file":"2023\/11\/Captura-de-pantalla-2023-11-02-092445.png","sizes":{"medium":{"file":"Captura-de-pantalla-2023-11-02-092445-300x168.png","width":300,"height":168,"mime-type":"image\/png","source_url":"https:\/\/www.pdparacas.com.pe\/blog\/wp-content\/uploads\/2023\/11\/Captura-de-pantalla-2023-11-02-092445-300x168.png"},"large":{"file":"Captura-de-pantalla-2023-11-02-092445-1024x574.png","width":1024,"height":574,"mime-type":"image\/png","source_url":"https:\/\/www.pdparacas.com.pe\/blog\/wp-content\/uploads\/2023\/11\/Captura-de-pantalla-2023-11-02-092445-1024x574.png"},"thumbnail":{"file":"Captura-de-pantalla-2023-11-02-092445-150x150.png","width":150,"height":150,"mime-type":"image\/png","source_url":"https:\/\/www.pdparacas.com.pe\/blog\/wp-content\/uploads\/2023\/11\/Captura-de-pantalla-2023-11-02-092445-150x150.png"},"medium_large":{"file":"Captura-de-pantalla-2023-11-02-092445-768x430.png","width":768,"height":430,"mime-type":"image\/png","source_url":"https:\/\/www.pdparacas.com.pe\/blog\/wp-content\/uploads\/2023\/11\/Captura-de-pantalla-2023-11-02-092445-768x430.png"},"1536x1536":{"file":"Captura-de-pantalla-2023-11-02-092445-1536x861.png","width":1536,"height":861,"mime-type":"image\/png","source_url":"https:\/\/www.pdparacas.com.pe\/blog\/wp-content\/uploads\/2023\/11\/Captura-de-pantalla-2023-11-02-092445-1536x861.png"},"portfolio-thumb":{"file":"Captura-de-pantalla-2023-11-02-092445-600x403.png","width":600,"height":403,"mime-type":"image\/png","source_url":"https:\/\/www.pdparacas.com.pe\/blog\/wp-content\/uploads\/2023\/11\/Captura-de-pantalla-2023-11-02-092445-600x403.png"},"portfolio-thumb_small":{"file":"Captura-de-pantalla-2023-11-02-092445-400x269.png","width":400,"height":269,"mime-type":"image\/png","source_url":"https:\/\/www.pdparacas.com.pe\/blog\/wp-content\/uploads\/2023\/11\/Captura-de-pantalla-2023-11-02-092445-400x269.png"},"portfolio-widget":{"file":"Captura-de-pantalla-2023-11-02-092445-100x100.png","width":100,"height":100,"mime-type":"image\/png","source_url":"https:\/\/www.pdparacas.com.pe\/blog\/wp-content\/uploads\/2023\/11\/Captura-de-pantalla-2023-11-02-092445-100x100.png"},"nectar_small_square":{"file":"Captura-de-pantalla-2023-11-02-092445-140x140.png","width":140,"height":140,"mime-type":"image\/png","source_url":"https:\/\/www.pdparacas.com.pe\/blog\/wp-content\/uploads\/2023\/11\/Captura-de-pantalla-2023-11-02-092445-140x140.png"},"wide":{"file":"Captura-de-pantalla-2023-11-02-092445-1000x500.png","width":1000,"height":500,"mime-type":"image\/png","source_url":"https:\/\/www.pdparacas.com.pe\/blog\/wp-content\/uploads\/2023\/11\/Captura-de-pantalla-2023-11-02-092445-1000x500.png"},"wide_small":{"file":"Captura-de-pantalla-2023-11-02-092445-670x335.png","width":670,"height":335,"mime-type":"image\/png","source_url":"https:\/\/www.pdparacas.com.pe\/blog\/wp-content\/uploads\/2023\/11\/Captura-de-pantalla-2023-11-02-092445-670x335.png"},"regular":{"file":"Captura-de-pantalla-2023-11-02-092445-500x500.png","width":500,"height":500,"mime-type":"image\/png","source_url":"https:\/\/www.pdparacas.com.pe\/blog\/wp-content\/uploads\/2023\/11\/Captura-de-pantalla-2023-11-02-092445-500x500.png"},"regular_small":{"file":"Captura-de-pantalla-2023-11-02-092445-350x350.png","width":350,"height":350,"mime-type":"image\/png","source_url":"https:\/\/www.pdparacas.com.pe\/blog\/wp-content\/uploads\/2023\/11\/Captura-de-pantalla-2023-11-02-092445-350x350.png"},"tall":{"file":"Captura-de-pantalla-2023-11-02-092445-500x890.png","width":500,"height":890,"mime-type":"image\/png","source_url":"https:\/\/www.pdparacas.com.pe\/blog\/wp-content\/uploads\/2023\/11\/Captura-de-pantalla-2023-11-02-092445-500x890.png"},"wide_tall":{"file":"Captura-de-pantalla-2023-11-02-092445-1000x890.png","width":1000,"height":890,"mime-type":"image\/png","source_url":"https:\/\/www.pdparacas.com.pe\/blog\/wp-content\/uploads\/2023\/11\/Captura-de-pantalla-2023-11-02-092445-1000x890.png"},"wide_photography":{"file":"Captura-de-pantalla-2023-11-02-092445-900x600.png","width":900,"height":600,"mime-type":"image\/png","source_url":"https:\/\/www.pdparacas.com.pe\/blog\/wp-content\/uploads\/2023\/11\/Captura-de-pantalla-2023-11-02-092445-900x600.png"},"large_featured":{"file":"Captura-de-pantalla-2023-11-02-092445-1588x700.png","width":1588,"height":700,"mime-type":"image\/png","source_url":"https:\/\/www.pdparacas.com.pe\/blog\/wp-content\/uploads\/2023\/11\/Captura-de-pantalla-2023-11-02-092445-1588x700.png"},"medium_featured":{"file":"Captura-de-pantalla-2023-11-02-092445-800x800.png","width":800,"height":800,"mime-type":"image\/png","source_url":"https:\/\/www.pdparacas.com.pe\/blog\/wp-content\/uploads\/2023\/11\/Captura-de-pantalla-2023-11-02-092445-800x800.png"},"img_post":{"file":"Captura-de-pantalla-2023-11-02-092445-365x250.png","width":365,"height":250,"mime-type":"image\/png","source_url":"https:\/\/www.pdparacas.com.pe\/blog\/wp-content\/uploads\/2023\/11\/Captura-de-pantalla-2023-11-02-092445-365x250.png"}},"image_meta":{"aperture":"0","credit":"","camera":"","caption":"","created_timestamp":"0","copyright":"","focal_length":"0","iso":"0","shutter_speed":"0","title":"","orientation":"0","keywords":[]}},"post":7439,"source_url":"https:\/\/www.pdparacas.com.pe\/blog\/wp-content\/uploads\/2023\/11\/Captura-de-pantalla-2023-11-02-092445.png"},"yoast_head":"<!-- This site is optimized with the Yoast SEO plugin v16.8 - https:\/\/yoast.com\/wordpress\/plugins\/seo\/ -->\n<title>\u25b7 NOS SENTIMOS ORGULLOSOS DE COMPARTIR LA ENTREVISTA REALIZADA A NUESTRO COO, CESAR MART\u00cdN ROJAS \u00c1LVARO, EN EL PROGRAMA &quot;ECONOM\u00cdA PARA TODOS&quot; DE RPP TV.<\/title>\n<meta name=\"description\" content=\"\u25b7 Nos sentimos orgullosos de compartir la entrevista realizada a nuestro COO, Cesar Mart\u00edn Rojas \u00c1lvaro, en el programa &quot;Econom\u00eda para todos&quot; de RPP TV. Conoce los detalles en este interesante blog. \u2705\" \/>\n<meta name=\"robots\" content=\"index, follow, max-snippet:-1, max-image-preview:large, max-video-preview:-1\" \/>\n<link rel=\"canonical\" href=\"https:\/\/www.pdparacas.com.pe\/blog\/nos-sentimos-orgullosos-de-compartir-la-entrevista-realizada-a-nuestro-coo-cesar-martin-rojas-alvaro-en-el-programa-economia-para-todos-de-rpp-tv\/\" \/>\n<meta property=\"og:locale\" content=\"es_ES\" \/>\n<meta property=\"og:type\" content=\"article\" \/>\n<meta property=\"og:title\" content=\"\u25b7 NOS SENTIMOS ORGULLOSOS DE COMPARTIR LA ENTREVISTA REALIZADA A NUESTRO COO, CESAR MART\u00cdN ROJAS \u00c1LVARO, EN EL PROGRAMA &quot;ECONOM\u00cdA PARA TODOS&quot; DE RPP TV.\" \/>\n<meta property=\"og:description\" content=\"\u25b7 Nos sentimos orgullosos de compartir la entrevista realizada a nuestro COO, Cesar Mart\u00edn Rojas \u00c1lvaro, en el programa &quot;Econom\u00eda para todos&quot; de RPP TV. Conoce los detalles en este interesante blog. \u2705\" \/>\n<meta property=\"og:url\" content=\"https:\/\/www.pdparacas.com.pe\/blog\/nos-sentimos-orgullosos-de-compartir-la-entrevista-realizada-a-nuestro-coo-cesar-martin-rojas-alvaro-en-el-programa-economia-para-todos-de-rpp-tv\/\" \/>\n<meta property=\"og:site_name\" content=\"Puerto de Paracas - Blog\" \/>\n<meta property=\"article:published_time\" content=\"2023-11-02T14:27:54+00:00\" \/>\n<meta property=\"article:modified_time\" content=\"2023-11-02T14:35:22+00:00\" \/>\n<meta property=\"og:image\" content=\"http:\/\/www.pdparacas.com.pe\/blog\/wp-content\/uploads\/2023\/11\/Captura-de-pantalla-2023-11-02-092445.png\" \/>\n\t<meta property=\"og:image:width\" content=\"1588\" \/>\n\t<meta property=\"og:image:height\" content=\"890\" \/>\n<meta name=\"twitter:card\" content=\"summary_large_image\" \/>\n<meta name=\"twitter:label1\" content=\"Escrito por\" \/>\n\t<meta name=\"twitter:data1\" content=\"Samuel Reyes\" \/>\n\t<meta name=\"twitter:label2\" content=\"Tiempo de lectura\" \/>\n\t<meta name=\"twitter:data2\" content=\"3 minutos\" \/>\n<script type=\"application\/ld+json\" class=\"yoast-schema-graph\">{\"@context\":\"https:\/\/schema.org\",\"@graph\":[{\"@type\":\"WebSite\",\"@id\":\"https:\/\/www.pdparacas.com.pe\/blog\/#website\",\"url\":\"https:\/\/www.pdparacas.com.pe\/blog\/\",\"name\":\"Puerto de Paracas - Blog\",\"description\":\"\",\"potentialAction\":[{\"@type\":\"SearchAction\",\"target\":{\"@type\":\"EntryPoint\",\"urlTemplate\":\"https:\/\/www.pdparacas.com.pe\/blog\/?s={search_term_string}\"},\"query-input\":\"required name=search_term_string\"}],\"inLanguage\":\"es\"},{\"@type\":\"ImageObject\",\"@id\":\"https:\/\/www.pdparacas.com.pe\/blog\/nos-sentimos-orgullosos-de-compartir-la-entrevista-realizada-a-nuestro-coo-cesar-martin-rojas-alvaro-en-el-programa-economia-para-todos-de-rpp-tv\/#primaryimage\",\"inLanguage\":\"es\",\"url\":\"https:\/\/www.pdparacas.com.pe\/blog\/wp-content\/uploads\/2023\/11\/Captura-de-pantalla-2023-11-02-092445.png\",\"contentUrl\":\"https:\/\/www.pdparacas.com.pe\/blog\/wp-content\/uploads\/2023\/11\/Captura-de-pantalla-2023-11-02-092445.png\",\"width\":1588,\"height\":890},{\"@type\":\"WebPage\",\"@id\":\"https:\/\/www.pdparacas.com.pe\/blog\/nos-sentimos-orgullosos-de-compartir-la-entrevista-realizada-a-nuestro-coo-cesar-martin-rojas-alvaro-en-el-programa-economia-para-todos-de-rpp-tv\/#webpage\",\"url\":\"https:\/\/www.pdparacas.com.pe\/blog\/nos-sentimos-orgullosos-de-compartir-la-entrevista-realizada-a-nuestro-coo-cesar-martin-rojas-alvaro-en-el-programa-economia-para-todos-de-rpp-tv\/\",\"name\":\"\\u25b7 NOS SENTIMOS ORGULLOSOS DE COMPARTIR LA ENTREVISTA REALIZADA A NUESTRO COO, CESAR MART\\u00cdN ROJAS \\u00c1LVARO, EN EL PROGRAMA \\\"ECONOM\\u00cdA PARA TODOS\\\" DE RPP TV.\",\"isPartOf\":{\"@id\":\"https:\/\/www.pdparacas.com.pe\/blog\/#website\"},\"primaryImageOfPage\":{\"@id\":\"https:\/\/www.pdparacas.com.pe\/blog\/nos-sentimos-orgullosos-de-compartir-la-entrevista-realizada-a-nuestro-coo-cesar-martin-rojas-alvaro-en-el-programa-economia-para-todos-de-rpp-tv\/#primaryimage\"},\"datePublished\":\"2023-11-02T14:27:54+00:00\",\"dateModified\":\"2023-11-02T14:35:22+00:00\",\"author\":{\"@id\":\"https:\/\/www.pdparacas.com.pe\/blog\/#\/schema\/person\/40f4a1f66107d54c1a25d656e7a6ac7f\"},\"description\":\"\\u25b7 Nos sentimos orgullosos de compartir la entrevista realizada a nuestro COO, Cesar Mart\\u00edn Rojas \\u00c1lvaro, en el programa \\\"Econom\\u00eda para todos\\\" de RPP TV. Conoce los detalles en este interesante blog. \\u2705\",\"breadcrumb\":{\"@id\":\"https:\/\/www.pdparacas.com.pe\/blog\/nos-sentimos-orgullosos-de-compartir-la-entrevista-realizada-a-nuestro-coo-cesar-martin-rojas-alvaro-en-el-programa-economia-para-todos-de-rpp-tv\/#breadcrumb\"},\"inLanguage\":\"es\",\"potentialAction\":[{\"@type\":\"ReadAction\",\"target\":[\"https:\/\/www.pdparacas.com.pe\/blog\/nos-sentimos-orgullosos-de-compartir-la-entrevista-realizada-a-nuestro-coo-cesar-martin-rojas-alvaro-en-el-programa-economia-para-todos-de-rpp-tv\/\"]}]},{\"@type\":\"BreadcrumbList\",\"@id\":\"https:\/\/www.pdparacas.com.pe\/blog\/nos-sentimos-orgullosos-de-compartir-la-entrevista-realizada-a-nuestro-coo-cesar-martin-rojas-alvaro-en-el-programa-economia-para-todos-de-rpp-tv\/#breadcrumb\",\"itemListElement\":[{\"@type\":\"ListItem\",\"position\":1,\"name\":\"Portada\",\"item\":\"https:\/\/www.pdparacas.com.pe\/blog\/\"},{\"@type\":\"ListItem\",\"position\":2,\"name\":\"NOS SENTIMOS ORGULLOSOS DE COMPARTIR LA ENTREVISTA REALIZADA A NUESTRO COO, CESAR MART\\u00cdN ROJAS \\u00c1LVARO, EN EL PROGRAMA \\u00abECONOM\\u00cdA PARA TODOS\\u00bb DE RPP TV.\"}]},{\"@type\":\"Person\",\"@id\":\"https:\/\/www.pdparacas.com.pe\/blog\/#\/schema\/person\/40f4a1f66107d54c1a25d656e7a6ac7f\",\"name\":\"Samuel Reyes\",\"image\":{\"@type\":\"ImageObject\",\"@id\":\"https:\/\/www.pdparacas.com.pe\/blog\/#personlogo\",\"inLanguage\":\"es\",\"url\":\"https:\/\/secure.gravatar.com\/avatar\/40a2c27a4520da1b7f58e63ff303a47b?s=96&d=mm&r=g\",\"contentUrl\":\"https:\/\/secure.gravatar.com\/avatar\/40a2c27a4520da1b7f58e63ff303a47b?s=96&d=mm&r=g\",\"caption\":\"Samuel Reyes\"},\"url\":\"https:\/\/www.pdparacas.com.pe\/blog\/author\/s-reyespdparacas-com-pe\/\"}]}<\/script>\n<!-- \/ Yoast SEO plugin. -->","yoast_head_json":{"title":"\u25b7 NOS SENTIMOS ORGULLOSOS DE COMPARTIR LA ENTREVISTA REALIZADA A NUESTRO COO, CESAR MART\u00cdN ROJAS \u00c1LVARO, EN EL PROGRAMA \"ECONOM\u00cdA PARA TODOS\" DE RPP TV.","description":"\u25b7 Nos sentimos orgullosos de compartir la entrevista realizada a nuestro COO, Cesar Mart\u00edn Rojas \u00c1lvaro, en el programa \"Econom\u00eda para todos\" de RPP TV. Conoce los detalles en este interesante blog. \u2705","robots":{"index":"index","follow":"follow","max-snippet":"max-snippet:-1","max-image-preview":"max-image-preview:large","max-video-preview":"max-video-preview:-1"},"canonical":"https:\/\/www.pdparacas.com.pe\/blog\/nos-sentimos-orgullosos-de-compartir-la-entrevista-realizada-a-nuestro-coo-cesar-martin-rojas-alvaro-en-el-programa-economia-para-todos-de-rpp-tv\/","og_locale":"es_ES","og_type":"article","og_title":"\u25b7 NOS SENTIMOS ORGULLOSOS DE COMPARTIR LA ENTREVISTA REALIZADA A NUESTRO COO, CESAR MART\u00cdN ROJAS \u00c1LVARO, EN EL PROGRAMA \"ECONOM\u00cdA PARA TODOS\" DE RPP TV.","og_description":"\u25b7 Nos sentimos orgullosos de compartir la entrevista realizada a nuestro COO, Cesar Mart\u00edn Rojas \u00c1lvaro, en el programa \"Econom\u00eda para todos\" de RPP TV. Conoce los detalles en este interesante blog. \u2705","og_url":"https:\/\/www.pdparacas.com.pe\/blog\/nos-sentimos-orgullosos-de-compartir-la-entrevista-realizada-a-nuestro-coo-cesar-martin-rojas-alvaro-en-el-programa-economia-para-todos-de-rpp-tv\/","og_site_name":"Puerto de Paracas - Blog","article_published_time":"2023-11-02T14:27:54+00:00","article_modified_time":"2023-11-02T14:35:22+00:00","og_image":[{"width":1588,"height":890,"url":"http:\/\/www.pdparacas.com.pe\/blog\/wp-content\/uploads\/2023\/11\/Captura-de-pantalla-2023-11-02-092445.png","path":"\/usr\/share\/nginx\/html\/wp_pdparacas\/blog\/wp-content\/uploads\/2023\/11\/Captura-de-pantalla-2023-11-02-092445.png","size":"full","id":7440,"alt":"","pixels":1413320,"type":"image\/png"}],"twitter_card":"summary_large_image","twitter_misc":{"Escrito por":"Samuel Reyes","Tiempo de lectura":"3 minutos"},"schema":{"@context":"https:\/\/schema.org","@graph":[{"@type":"WebSite","@id":"https:\/\/www.pdparacas.com.pe\/blog\/#website","url":"https:\/\/www.pdparacas.com.pe\/blog\/","name":"Puerto de Paracas - Blog","description":"","potentialAction":[{"@type":"SearchAction","target":{"@type":"EntryPoint","urlTemplate":"https:\/\/www.pdparacas.com.pe\/blog\/?s={search_term_string}"},"query-input":"required name=search_term_string"}],"inLanguage":"es"},{"@type":"ImageObject","@id":"https:\/\/www.pdparacas.com.pe\/blog\/nos-sentimos-orgullosos-de-compartir-la-entrevista-realizada-a-nuestro-coo-cesar-martin-rojas-alvaro-en-el-programa-economia-para-todos-de-rpp-tv\/#primaryimage","inLanguage":"es","url":"https:\/\/www.pdparacas.com.pe\/blog\/wp-content\/uploads\/2023\/11\/Captura-de-pantalla-2023-11-02-092445.png","contentUrl":"https:\/\/www.pdparacas.com.pe\/blog\/wp-content\/uploads\/2023\/11\/Captura-de-pantalla-2023-11-02-092445.png","width":1588,"height":890},{"@type":"WebPage","@id":"https:\/\/www.pdparacas.com.pe\/blog\/nos-sentimos-orgullosos-de-compartir-la-entrevista-realizada-a-nuestro-coo-cesar-martin-rojas-alvaro-en-el-programa-economia-para-todos-de-rpp-tv\/#webpage","url":"https:\/\/www.pdparacas.com.pe\/blog\/nos-sentimos-orgullosos-de-compartir-la-entrevista-realizada-a-nuestro-coo-cesar-martin-rojas-alvaro-en-el-programa-economia-para-todos-de-rpp-tv\/","name":"\u25b7 NOS SENTIMOS ORGULLOSOS DE COMPARTIR LA ENTREVISTA REALIZADA A NUESTRO COO, CESAR MART\u00cdN ROJAS \u00c1LVARO, EN EL PROGRAMA \"ECONOM\u00cdA PARA TODOS\" DE RPP TV.","isPartOf":{"@id":"https:\/\/www.pdparacas.com.pe\/blog\/#website"},"primaryImageOfPage":{"@id":"https:\/\/www.pdparacas.com.pe\/blog\/nos-sentimos-orgullosos-de-compartir-la-entrevista-realizada-a-nuestro-coo-cesar-martin-rojas-alvaro-en-el-programa-economia-para-todos-de-rpp-tv\/#primaryimage"},"datePublished":"2023-11-02T14:27:54+00:00","dateModified":"2023-11-02T14:35:22+00:00","author":{"@id":"https:\/\/www.pdparacas.com.pe\/blog\/#\/schema\/person\/40f4a1f66107d54c1a25d656e7a6ac7f"},"description":"\u25b7 Nos sentimos orgullosos de compartir la entrevista realizada a nuestro COO, Cesar Mart\u00edn Rojas \u00c1lvaro, en el programa \"Econom\u00eda para todos\" de RPP TV. Conoce los detalles en este interesante blog. \u2705","breadcrumb":{"@id":"https:\/\/www.pdparacas.com.pe\/blog\/nos-sentimos-orgullosos-de-compartir-la-entrevista-realizada-a-nuestro-coo-cesar-martin-rojas-alvaro-en-el-programa-economia-para-todos-de-rpp-tv\/#breadcrumb"},"inLanguage":"es","potentialAction":[{"@type":"ReadAction","target":["https:\/\/www.pdparacas.com.pe\/blog\/nos-sentimos-orgullosos-de-compartir-la-entrevista-realizada-a-nuestro-coo-cesar-martin-rojas-alvaro-en-el-programa-economia-para-todos-de-rpp-tv\/"]}]},{"@type":"BreadcrumbList","@id":"https:\/\/www.pdparacas.com.pe\/blog\/nos-sentimos-orgullosos-de-compartir-la-entrevista-realizada-a-nuestro-coo-cesar-martin-rojas-alvaro-en-el-programa-economia-para-todos-de-rpp-tv\/#breadcrumb","itemListElement":[{"@type":"ListItem","position":1,"name":"Portada","item":"https:\/\/www.pdparacas.com.pe\/blog\/"},{"@type":"ListItem","position":2,"name":"NOS SENTIMOS ORGULLOSOS DE COMPARTIR LA ENTREVISTA REALIZADA A NUESTRO COO, CESAR MART\u00cdN ROJAS \u00c1LVARO, EN EL PROGRAMA \u00abECONOM\u00cdA PARA TODOS\u00bb DE RPP TV."}]},{"@type":"Person","@id":"https:\/\/www.pdparacas.com.pe\/blog\/#\/schema\/person\/40f4a1f66107d54c1a25d656e7a6ac7f","name":"Samuel Reyes","image":{"@type":"ImageObject","@id":"https:\/\/www.pdparacas.com.pe\/blog\/#personlogo","inLanguage":"es","url":"https:\/\/secure.gravatar.com\/avatar\/40a2c27a4520da1b7f58e63ff303a47b?s=96&d=mm&r=g","contentUrl":"https:\/\/secure.gravatar.com\/avatar\/40a2c27a4520da1b7f58e63ff303a47b?s=96&d=mm&r=g","caption":"Samuel Reyes"},"url":"https:\/\/www.pdparacas.com.pe\/blog\/author\/s-reyespdparacas-com-pe\/"}]}},"_links":{"self":[{"href":"https:\/\/www.pdparacas.com.pe\/blog\/wp-json\/wp\/v2\/posts\/7439"}],"collection":[{"href":"https:\/\/www.pdparacas.com.pe\/blog\/wp-json\/wp\/v2\/posts"}],"about":[{"href":"https:\/\/www.pdparacas.com.pe\/blog\/wp-json\/wp\/v2\/types\/post"}],"author":[{"embeddable":true,"href":"https:\/\/www.pdparacas.com.pe\/blog\/wp-json\/wp\/v2\/users\/17"}],"replies":[{"embeddable":true,"href":"https:\/\/www.pdparacas.com.pe\/blog\/wp-json\/wp\/v2\/comments?post=7439"}],"version-history":[{"count":1,"href":"https:\/\/www.pdparacas.com.pe\/blog\/wp-json\/wp\/v2\/posts\/7439\/revisions"}],"predecessor-version":[{"id":7441,"href":"https:\/\/www.pdparacas.com.pe\/blog\/wp-json\/wp\/v2\/posts\/7439\/revisions\/7441"}],"wp:featuredmedia":[{"embeddable":true,"href":"https:\/\/www.pdparacas.com.pe\/blog\/wp-json\/wp\/v2\/media\/7440"}],"wp:attachment":[{"href":"https:\/\/www.pdparacas.com.pe\/blog\/wp-json\/wp\/v2\/media?parent=7439"}],"wp:term":[{"taxonomy":"category","embeddable":true,"href":"https:\/\/www.pdparacas.com.pe\/blog\/wp-json\/wp\/v2\/categories?post=7439"},{"taxonomy":"post_tag","embeddable":true,"href":"https:\/\/www.pdparacas.com.pe\/blog\/wp-json\/wp\/v2\/tags?post=7439"}],"curies":[{"name":"wp","href":"https:\/\/api.w.org\/{rel}","templated":true}]}}