{"id":7334,"date":"2023-10-03T16:05:43","date_gmt":"2023-10-03T16:05:43","guid":{"rendered":"https:\/\/www.pdparacas.com.pe\/blog\/?p=7334"},"modified":"2023-10-03T16:06:08","modified_gmt":"2023-10-03T16:06:08","slug":"28desetiembre-dia-maritimo-mundial","status":"publish","type":"post","link":"https:\/\/www.pdparacas.com.pe\/blog\/28desetiembre-dia-maritimo-mundial\/","title":{"rendered":"#28deSetiembre | D\u00eda Mar\u00edtimo Mundial"},"content":{"rendered":"<p><strong>D\u00cdA MAR\u00cdTIMO MUNDIAL<\/strong><\/p>\n<p><strong>28de setiembre del 2023.<\/strong><\/p>\n<div dir=\"auto\">\n<div dir=\"auto\">\n<div dir=\"auto\">\n<div dir=\"auto\">\n<div dir=\"auto\"><a class=\"x1i10hfl xjbqb8w x6umtig x1b1mbwd xaqea5y xav7gou x9f619 x1ypdohk xt0psk2 xe8uvvx xdj266r x11i5rnm xat24cr x1mh8g0r xexx8yu x4uap5 x18d9i69 xkhd6sd x16tdsg8 x1hl2dhg xggy1nq x1a2a7pz xt0b8zv x1qq9wsj xo1l8bm\" tabindex=\"0\" role=\"link\" href=\"https:\/\/www.facebook.com\/hashtag\/28desetiembre?__eep__=6&amp;__cft__[0]=AZVUfvT5Rmq4pt9kUb6Esvu09Al8tdd_5PG_Qlmxl3U16OLCvwy2QYr9JSHhmuDGIp6O0ltdPmnuilH6ImdGatv7qE4QIoMzHKYmwHRi-hVgmesxJSWE1eyDfzGx38gOz1OzRAxkzyzDMYOCVTVBjIYXohGzwKEgKkgCjdCzC-NTJLDnKhhgR90rrDMSszrdnkc&amp;__tn__=*NK-R\">#28deSetiembre<\/a> | D\u00eda Mar\u00edtimo Mundial <span class=\"x3nfvp2 x1j61x8r x1fcty0u xdj266r xhhsvwb xat24cr xgzva0m xxymvpz xlup9mm x1kky2od\"><img loading=\"lazy\" src=\"https:\/\/static.xx.fbcdn.net\/images\/emoji.php\/v9\/t3f\/1\/16\/1f6a2.png\" alt=\"?\" width=\"16\" height=\"16\" \/><\/span><span class=\"x3nfvp2 x1j61x8r x1fcty0u xdj266r xhhsvwb xat24cr xgzva0m xxymvpz xlup9mm x1kky2od\"><img loading=\"lazy\" src=\"https:\/\/static.xx.fbcdn.net\/images\/emoji.php\/v9\/tbc\/1\/16\/1f30a.png\" alt=\"?\" width=\"16\" height=\"16\" \/><\/span><span class=\"x3nfvp2 x1j61x8r x1fcty0u xdj266r xhhsvwb xat24cr xgzva0m xxymvpz xlup9mm x1kky2od\"><img loading=\"lazy\" src=\"https:\/\/static.xx.fbcdn.net\/images\/emoji.php\/v9\/tc0\/1\/16\/1f30e.png\" alt=\"?\" width=\"16\" height=\"16\" \/><\/span><\/div>\n<div dir=\"auto\">En el D\u00eda Mar\u00edtimo Mundial, el Puerto de Paracas brinda un saludo a las personas que trabajan con eficiencia y seguridad y dedican su vida al comercio mar\u00edtimo responsable.<\/div>\n<div dir=\"auto\">\u00a1PdP, brindando un servicio de transporte mar\u00edtimo seguro y amigable con el medio ambiente! <span class=\"x3nfvp2 x1j61x8r x1fcty0u xdj266r xhhsvwb xat24cr xgzva0m xxymvpz xlup9mm x1kky2od\"><img loading=\"lazy\" src=\"https:\/\/static.xx.fbcdn.net\/images\/emoji.php\/v9\/t69\/1\/16\/1f331.png\" alt=\"?\" width=\"16\" height=\"16\" \/><\/span><\/div>\n<div dir=\"auto\"><a class=\"x1i10hfl xjbqb8w x6umtig x1b1mbwd xaqea5y xav7gou x9f619 x1ypdohk xt0psk2 xe8uvvx xdj266r x11i5rnm xat24cr x1mh8g0r xexx8yu x4uap5 x18d9i69 xkhd6sd x16tdsg8 x1hl2dhg xggy1nq x1a2a7pz xt0b8zv x1qq9wsj xo1l8bm\" tabindex=\"0\" role=\"link\" href=\"https:\/\/www.facebook.com\/hashtag\/d%C3%ADamar%C3%ADtimomundial?__eep__=6&amp;__cft__[0]=AZVUfvT5Rmq4pt9kUb6Esvu09Al8tdd_5PG_Qlmxl3U16OLCvwy2QYr9JSHhmuDGIp6O0ltdPmnuilH6ImdGatv7qE4QIoMzHKYmwHRi-hVgmesxJSWE1eyDfzGx38gOz1OzRAxkzyzDMYOCVTVBjIYXohGzwKEgKkgCjdCzC-NTJLDnKhhgR90rrDMSszrdnkc&amp;__tn__=*NK-R\">#D\u00edaMar\u00edtimoMundial<\/a><\/div>\n<div dir=\"auto\"><a class=\"x1i10hfl xjbqb8w x6umtig x1b1mbwd xaqea5y xav7gou x9f619 x1ypdohk xt0psk2 xe8uvvx xdj266r x11i5rnm xat24cr x1mh8g0r xexx8yu x4uap5 x18d9i69 xkhd6sd x16tdsg8 x1hl2dhg xggy1nq x1a2a7pz xt0b8zv x1qq9wsj xo1l8bm\" tabindex=\"0\" role=\"link\" href=\"https:\/\/www.facebook.com\/hashtag\/puertodeparacas?__eep__=6&amp;__cft__[0]=AZVUfvT5Rmq4pt9kUb6Esvu09Al8tdd_5PG_Qlmxl3U16OLCvwy2QYr9JSHhmuDGIp6O0ltdPmnuilH6ImdGatv7qE4QIoMzHKYmwHRi-hVgmesxJSWE1eyDfzGx38gOz1OzRAxkzyzDMYOCVTVBjIYXohGzwKEgKkgCjdCzC-NTJLDnKhhgR90rrDMSszrdnkc&amp;__tn__=*NK-R\">#PuertoDeParacas<\/a><\/div>\n<div dir=\"auto\"><a class=\"x1i10hfl xjbqb8w x6umtig x1b1mbwd xaqea5y xav7gou x9f619 x1ypdohk xt0psk2 xe8uvvx xdj266r x11i5rnm xat24cr x1mh8g0r xexx8yu x4uap5 x18d9i69 xkhd6sd x16tdsg8 x1hl2dhg xggy1nq x1a2a7pz xt0b8zv x1qq9wsj xo1l8bm\" tabindex=\"0\" role=\"link\" href=\"https:\/\/www.facebook.com\/hashtag\/puertomodernoyseguro?__eep__=6&amp;__cft__[0]=AZVUfvT5Rmq4pt9kUb6Esvu09Al8tdd_5PG_Qlmxl3U16OLCvwy2QYr9JSHhmuDGIp6O0ltdPmnuilH6ImdGatv7qE4QIoMzHKYmwHRi-hVgmesxJSWE1eyDfzGx38gOz1OzRAxkzyzDMYOCVTVBjIYXohGzwKEgKkgCjdCzC-NTJLDnKhhgR90rrDMSszrdnkc&amp;__tn__=*NK-R\">#PuertoModernoYSeguro<\/a><\/div>\n<\/div>\n<\/div>\n<div dir=\"auto\"><img loading=\"lazy\" class=\"aligncenter size-large wp-image-7335\" src=\"http:\/\/www.pdparacas.com.pe\/blog\/wp-content\/uploads\/2023\/10\/DIA-MARITIMO-MUNDIAL-FINALL-1024x1024.png\" alt=\"\" width=\"1024\" height=\"1024\" srcset=\"https:\/\/www.pdparacas.com.pe\/blog\/wp-content\/uploads\/2023\/10\/DIA-MARITIMO-MUNDIAL-FINALL-1024x1024.png 1024w, https:\/\/www.pdparacas.com.pe\/blog\/wp-content\/uploads\/2023\/10\/DIA-MARITIMO-MUNDIAL-FINALL-300x300.png 300w, https:\/\/www.pdparacas.com.pe\/blog\/wp-content\/uploads\/2023\/10\/DIA-MARITIMO-MUNDIAL-FINALL-150x150.png 150w, https:\/\/www.pdparacas.com.pe\/blog\/wp-content\/uploads\/2023\/10\/DIA-MARITIMO-MUNDIAL-FINALL-768x768.png 768w, https:\/\/www.pdparacas.com.pe\/blog\/wp-content\/uploads\/2023\/10\/DIA-MARITIMO-MUNDIAL-FINALL-100x100.png 100w, https:\/\/www.pdparacas.com.pe\/blog\/wp-content\/uploads\/2023\/10\/DIA-MARITIMO-MUNDIAL-FINALL-140x140.png 140w, https:\/\/www.pdparacas.com.pe\/blog\/wp-content\/uploads\/2023\/10\/DIA-MARITIMO-MUNDIAL-FINALL-500x500.png 500w, https:\/\/www.pdparacas.com.pe\/blog\/wp-content\/uploads\/2023\/10\/DIA-MARITIMO-MUNDIAL-FINALL-350x350.png 350w, https:\/\/www.pdparacas.com.pe\/blog\/wp-content\/uploads\/2023\/10\/DIA-MARITIMO-MUNDIAL-FINALL-1000x1000.png 1000w, https:\/\/www.pdparacas.com.pe\/blog\/wp-content\/uploads\/2023\/10\/DIA-MARITIMO-MUNDIAL-FINALL-800x800.png 800w, https:\/\/www.pdparacas.com.pe\/blog\/wp-content\/uploads\/2023\/10\/DIA-MARITIMO-MUNDIAL-FINALL.png 1080w\" sizes=\"(max-width: 1024px) 100vw, 1024px\" \/><\/div>\n<\/div>\n<\/div>\n<p>&nbsp;<\/p>\n","protected":false},"excerpt":{"rendered":"<p>D\u00cdA MAR\u00cdTIMO MUNDIAL 28de setiembre del 2023. #28deSetiembre | D\u00eda Mar\u00edtimo Mundial En el D\u00eda&#8230;<\/p>\n","protected":false},"author":17,"featured_media":7335,"comment_status":"open","ping_status":"open","sticky":false,"template":"","format":"standard","meta":[],"categories":[1],"tags":[],"better_featured_image":{"id":7335,"alt_text":"","caption":"","description":"","media_type":"image","media_details":{"width":1080,"height":1080,"file":"2023\/10\/DIA-MARITIMO-MUNDIAL-FINALL.png","sizes":{"medium":{"file":"DIA-MARITIMO-MUNDIAL-FINALL-300x300.png","width":300,"height":300,"mime-type":"image\/png","source_url":"https:\/\/www.pdparacas.com.pe\/blog\/wp-content\/uploads\/2023\/10\/DIA-MARITIMO-MUNDIAL-FINALL-300x300.png"},"large":{"file":"DIA-MARITIMO-MUNDIAL-FINALL-1024x1024.png","width":1024,"height":1024,"mime-type":"image\/png","source_url":"https:\/\/www.pdparacas.com.pe\/blog\/wp-content\/uploads\/2023\/10\/DIA-MARITIMO-MUNDIAL-FINALL-1024x1024.png"},"thumbnail":{"file":"DIA-MARITIMO-MUNDIAL-FINALL-150x150.png","width":150,"height":150,"mime-type":"image\/png","source_url":"https:\/\/www.pdparacas.com.pe\/blog\/wp-content\/uploads\/2023\/10\/DIA-MARITIMO-MUNDIAL-FINALL-150x150.png"},"medium_large":{"file":"DIA-MARITIMO-MUNDIAL-FINALL-768x768.png","width":768,"height":768,"mime-type":"image\/png","source_url":"https:\/\/www.pdparacas.com.pe\/blog\/wp-content\/uploads\/2023\/10\/DIA-MARITIMO-MUNDIAL-FINALL-768x768.png"},"portfolio-thumb":{"file":"DIA-MARITIMO-MUNDIAL-FINALL-600x403.png","width":600,"height":403,"mime-type":"image\/png","source_url":"https:\/\/www.pdparacas.com.pe\/blog\/wp-content\/uploads\/2023\/10\/DIA-MARITIMO-MUNDIAL-FINALL-600x403.png"},"portfolio-thumb_small":{"file":"DIA-MARITIMO-MUNDIAL-FINALL-400x269.png","width":400,"height":269,"mime-type":"image\/png","source_url":"https:\/\/www.pdparacas.com.pe\/blog\/wp-content\/uploads\/2023\/10\/DIA-MARITIMO-MUNDIAL-FINALL-400x269.png"},"portfolio-widget":{"file":"DIA-MARITIMO-MUNDIAL-FINALL-100x100.png","width":100,"height":100,"mime-type":"image\/png","source_url":"https:\/\/www.pdparacas.com.pe\/blog\/wp-content\/uploads\/2023\/10\/DIA-MARITIMO-MUNDIAL-FINALL-100x100.png"},"nectar_small_square":{"file":"DIA-MARITIMO-MUNDIAL-FINALL-140x140.png","width":140,"height":140,"mime-type":"image\/png","source_url":"https:\/\/www.pdparacas.com.pe\/blog\/wp-content\/uploads\/2023\/10\/DIA-MARITIMO-MUNDIAL-FINALL-140x140.png"},"wide":{"file":"DIA-MARITIMO-MUNDIAL-FINALL-1000x500.png","width":1000,"height":500,"mime-type":"image\/png","source_url":"https:\/\/www.pdparacas.com.pe\/blog\/wp-content\/uploads\/2023\/10\/DIA-MARITIMO-MUNDIAL-FINALL-1000x500.png"},"wide_small":{"file":"DIA-MARITIMO-MUNDIAL-FINALL-670x335.png","width":670,"height":335,"mime-type":"image\/png","source_url":"https:\/\/www.pdparacas.com.pe\/blog\/wp-content\/uploads\/2023\/10\/DIA-MARITIMO-MUNDIAL-FINALL-670x335.png"},"regular":{"file":"DIA-MARITIMO-MUNDIAL-FINALL-500x500.png","width":500,"height":500,"mime-type":"image\/png","source_url":"https:\/\/www.pdparacas.com.pe\/blog\/wp-content\/uploads\/2023\/10\/DIA-MARITIMO-MUNDIAL-FINALL-500x500.png"},"regular_small":{"file":"DIA-MARITIMO-MUNDIAL-FINALL-350x350.png","width":350,"height":350,"mime-type":"image\/png","source_url":"https:\/\/www.pdparacas.com.pe\/blog\/wp-content\/uploads\/2023\/10\/DIA-MARITIMO-MUNDIAL-FINALL-350x350.png"},"tall":{"file":"DIA-MARITIMO-MUNDIAL-FINALL-500x1000.png","width":500,"height":1000,"mime-type":"image\/png","source_url":"https:\/\/www.pdparacas.com.pe\/blog\/wp-content\/uploads\/2023\/10\/DIA-MARITIMO-MUNDIAL-FINALL-500x1000.png"},"wide_tall":{"file":"DIA-MARITIMO-MUNDIAL-FINALL-1000x1000.png","width":1000,"height":1000,"mime-type":"image\/png","source_url":"https:\/\/www.pdparacas.com.pe\/blog\/wp-content\/uploads\/2023\/10\/DIA-MARITIMO-MUNDIAL-FINALL-1000x1000.png"},"wide_photography":{"file":"DIA-MARITIMO-MUNDIAL-FINALL-900x600.png","width":900,"height":600,"mime-type":"image\/png","source_url":"https:\/\/www.pdparacas.com.pe\/blog\/wp-content\/uploads\/2023\/10\/DIA-MARITIMO-MUNDIAL-FINALL-900x600.png"},"large_featured":{"file":"DIA-MARITIMO-MUNDIAL-FINALL-1080x700.png","width":1080,"height":700,"mime-type":"image\/png","source_url":"https:\/\/www.pdparacas.com.pe\/blog\/wp-content\/uploads\/2023\/10\/DIA-MARITIMO-MUNDIAL-FINALL-1080x700.png"},"medium_featured":{"file":"DIA-MARITIMO-MUNDIAL-FINALL-800x800.png","width":800,"height":800,"mime-type":"image\/png","source_url":"https:\/\/www.pdparacas.com.pe\/blog\/wp-content\/uploads\/2023\/10\/DIA-MARITIMO-MUNDIAL-FINALL-800x800.png"},"img_post":{"file":"DIA-MARITIMO-MUNDIAL-FINALL-365x250.png","width":365,"height":250,"mime-type":"image\/png","source_url":"https:\/\/www.pdparacas.com.pe\/blog\/wp-content\/uploads\/2023\/10\/DIA-MARITIMO-MUNDIAL-FINALL-365x250.png"}},"image_meta":{"aperture":"0","credit":"","camera":"","caption":"","created_timestamp":"0","copyright":"","focal_length":"0","iso":"0","shutter_speed":"0","title":"","orientation":"0","keywords":[]}},"post":7334,"source_url":"https:\/\/www.pdparacas.com.pe\/blog\/wp-content\/uploads\/2023\/10\/DIA-MARITIMO-MUNDIAL-FINALL.png"},"yoast_head":"<!-- This site is optimized with the Yoast SEO plugin v16.8 - https:\/\/yoast.com\/wordpress\/plugins\/seo\/ -->\n<title>\u25b7 #28deSetiembre | D\u00eda Mar\u00edtimo Mundial<\/title>\n<meta name=\"description\" content=\"\u25b7 #28deSetiembre | D\u00eda Mar\u00edtimo Mundial. Conoce los detalles en este interesante blog. \u2705\" \/>\n<meta name=\"robots\" content=\"index, follow, max-snippet:-1, max-image-preview:large, max-video-preview:-1\" \/>\n<link rel=\"canonical\" href=\"https:\/\/www.pdparacas.com.pe\/blog\/28desetiembre-dia-maritimo-mundial\/\" \/>\n<meta property=\"og:locale\" content=\"es_ES\" \/>\n<meta property=\"og:type\" content=\"article\" \/>\n<meta property=\"og:title\" content=\"\u25b7 #28deSetiembre | D\u00eda Mar\u00edtimo Mundial\" \/>\n<meta property=\"og:description\" content=\"\u25b7 #28deSetiembre | D\u00eda Mar\u00edtimo Mundial. Conoce los detalles en este interesante blog. \u2705\" \/>\n<meta property=\"og:url\" content=\"https:\/\/www.pdparacas.com.pe\/blog\/28desetiembre-dia-maritimo-mundial\/\" \/>\n<meta property=\"og:site_name\" content=\"Puerto de Paracas - Blog\" \/>\n<meta property=\"article:published_time\" content=\"2023-10-03T16:05:43+00:00\" \/>\n<meta property=\"article:modified_time\" content=\"2023-10-03T16:06:08+00:00\" \/>\n<meta property=\"og:image\" content=\"http:\/\/www.pdparacas.com.pe\/blog\/wp-content\/uploads\/2023\/10\/DIA-MARITIMO-MUNDIAL-FINALL.png\" \/>\n\t<meta property=\"og:image:width\" content=\"1080\" \/>\n\t<meta property=\"og:image:height\" content=\"1080\" \/>\n<meta name=\"twitter:card\" content=\"summary_large_image\" \/>\n<meta name=\"twitter:label1\" content=\"Escrito por\" \/>\n\t<meta name=\"twitter:data1\" content=\"Samuel Reyes\" \/>\n\t<meta name=\"twitter:label2\" content=\"Tiempo de lectura\" \/>\n\t<meta name=\"twitter:data2\" content=\"2 minutos\" \/>\n<script type=\"application\/ld+json\" class=\"yoast-schema-graph\">{\"@context\":\"https:\/\/schema.org\",\"@graph\":[{\"@type\":\"WebSite\",\"@id\":\"https:\/\/www.pdparacas.com.pe\/blog\/#website\",\"url\":\"https:\/\/www.pdparacas.com.pe\/blog\/\",\"name\":\"Puerto de Paracas - Blog\",\"description\":\"\",\"potentialAction\":[{\"@type\":\"SearchAction\",\"target\":{\"@type\":\"EntryPoint\",\"urlTemplate\":\"https:\/\/www.pdparacas.com.pe\/blog\/?s={search_term_string}\"},\"query-input\":\"required name=search_term_string\"}],\"inLanguage\":\"es\"},{\"@type\":\"ImageObject\",\"@id\":\"https:\/\/www.pdparacas.com.pe\/blog\/28desetiembre-dia-maritimo-mundial\/#primaryimage\",\"inLanguage\":\"es\",\"url\":\"https:\/\/www.pdparacas.com.pe\/blog\/wp-content\/uploads\/2023\/10\/DIA-MARITIMO-MUNDIAL-FINALL.png\",\"contentUrl\":\"https:\/\/www.pdparacas.com.pe\/blog\/wp-content\/uploads\/2023\/10\/DIA-MARITIMO-MUNDIAL-FINALL.png\",\"width\":1080,\"height\":1080},{\"@type\":\"WebPage\",\"@id\":\"https:\/\/www.pdparacas.com.pe\/blog\/28desetiembre-dia-maritimo-mundial\/#webpage\",\"url\":\"https:\/\/www.pdparacas.com.pe\/blog\/28desetiembre-dia-maritimo-mundial\/\",\"name\":\"\\u25b7 #28deSetiembre | D\\u00eda Mar\\u00edtimo Mundial\",\"isPartOf\":{\"@id\":\"https:\/\/www.pdparacas.com.pe\/blog\/#website\"},\"primaryImageOfPage\":{\"@id\":\"https:\/\/www.pdparacas.com.pe\/blog\/28desetiembre-dia-maritimo-mundial\/#primaryimage\"},\"datePublished\":\"2023-10-03T16:05:43+00:00\",\"dateModified\":\"2023-10-03T16:06:08+00:00\",\"author\":{\"@id\":\"https:\/\/www.pdparacas.com.pe\/blog\/#\/schema\/person\/40f4a1f66107d54c1a25d656e7a6ac7f\"},\"description\":\"\\u25b7 #28deSetiembre | D\\u00eda Mar\\u00edtimo Mundial. Conoce los detalles en este interesante blog. \\u2705\",\"breadcrumb\":{\"@id\":\"https:\/\/www.pdparacas.com.pe\/blog\/28desetiembre-dia-maritimo-mundial\/#breadcrumb\"},\"inLanguage\":\"es\",\"potentialAction\":[{\"@type\":\"ReadAction\",\"target\":[\"https:\/\/www.pdparacas.com.pe\/blog\/28desetiembre-dia-maritimo-mundial\/\"]}]},{\"@type\":\"BreadcrumbList\",\"@id\":\"https:\/\/www.pdparacas.com.pe\/blog\/28desetiembre-dia-maritimo-mundial\/#breadcrumb\",\"itemListElement\":[{\"@type\":\"ListItem\",\"position\":1,\"name\":\"Portada\",\"item\":\"https:\/\/www.pdparacas.com.pe\/blog\/\"},{\"@type\":\"ListItem\",\"position\":2,\"name\":\"#28deSetiembre | D\\u00eda Mar\\u00edtimo Mundial\"}]},{\"@type\":\"Person\",\"@id\":\"https:\/\/www.pdparacas.com.pe\/blog\/#\/schema\/person\/40f4a1f66107d54c1a25d656e7a6ac7f\",\"name\":\"Samuel Reyes\",\"image\":{\"@type\":\"ImageObject\",\"@id\":\"https:\/\/www.pdparacas.com.pe\/blog\/#personlogo\",\"inLanguage\":\"es\",\"url\":\"https:\/\/secure.gravatar.com\/avatar\/40a2c27a4520da1b7f58e63ff303a47b?s=96&d=mm&r=g\",\"contentUrl\":\"https:\/\/secure.gravatar.com\/avatar\/40a2c27a4520da1b7f58e63ff303a47b?s=96&d=mm&r=g\",\"caption\":\"Samuel Reyes\"},\"url\":\"https:\/\/www.pdparacas.com.pe\/blog\/author\/s-reyespdparacas-com-pe\/\"}]}<\/script>\n<!-- \/ Yoast SEO plugin. -->","yoast_head_json":{"title":"\u25b7 #28deSetiembre | D\u00eda Mar\u00edtimo Mundial","description":"\u25b7 #28deSetiembre | D\u00eda Mar\u00edtimo Mundial. Conoce los detalles en este interesante blog. \u2705","robots":{"index":"index","follow":"follow","max-snippet":"max-snippet:-1","max-image-preview":"max-image-preview:large","max-video-preview":"max-video-preview:-1"},"canonical":"https:\/\/www.pdparacas.com.pe\/blog\/28desetiembre-dia-maritimo-mundial\/","og_locale":"es_ES","og_type":"article","og_title":"\u25b7 #28deSetiembre | D\u00eda Mar\u00edtimo Mundial","og_description":"\u25b7 #28deSetiembre | D\u00eda Mar\u00edtimo Mundial. Conoce los detalles en este interesante blog. \u2705","og_url":"https:\/\/www.pdparacas.com.pe\/blog\/28desetiembre-dia-maritimo-mundial\/","og_site_name":"Puerto de Paracas - Blog","article_published_time":"2023-10-03T16:05:43+00:00","article_modified_time":"2023-10-03T16:06:08+00:00","og_image":[{"width":1080,"height":1080,"url":"http:\/\/www.pdparacas.com.pe\/blog\/wp-content\/uploads\/2023\/10\/DIA-MARITIMO-MUNDIAL-FINALL.png","path":"\/usr\/share\/nginx\/html\/wp_pdparacas\/blog\/wp-content\/uploads\/2023\/10\/DIA-MARITIMO-MUNDIAL-FINALL.png","size":"full","id":7335,"alt":"","pixels":1166400,"type":"image\/png"}],"twitter_card":"summary_large_image","twitter_misc":{"Escrito por":"Samuel Reyes","Tiempo de lectura":"2 minutos"},"schema":{"@context":"https:\/\/schema.org","@graph":[{"@type":"WebSite","@id":"https:\/\/www.pdparacas.com.pe\/blog\/#website","url":"https:\/\/www.pdparacas.com.pe\/blog\/","name":"Puerto de Paracas - Blog","description":"","potentialAction":[{"@type":"SearchAction","target":{"@type":"EntryPoint","urlTemplate":"https:\/\/www.pdparacas.com.pe\/blog\/?s={search_term_string}"},"query-input":"required name=search_term_string"}],"inLanguage":"es"},{"@type":"ImageObject","@id":"https:\/\/www.pdparacas.com.pe\/blog\/28desetiembre-dia-maritimo-mundial\/#primaryimage","inLanguage":"es","url":"https:\/\/www.pdparacas.com.pe\/blog\/wp-content\/uploads\/2023\/10\/DIA-MARITIMO-MUNDIAL-FINALL.png","contentUrl":"https:\/\/www.pdparacas.com.pe\/blog\/wp-content\/uploads\/2023\/10\/DIA-MARITIMO-MUNDIAL-FINALL.png","width":1080,"height":1080},{"@type":"WebPage","@id":"https:\/\/www.pdparacas.com.pe\/blog\/28desetiembre-dia-maritimo-mundial\/#webpage","url":"https:\/\/www.pdparacas.com.pe\/blog\/28desetiembre-dia-maritimo-mundial\/","name":"\u25b7 #28deSetiembre | D\u00eda Mar\u00edtimo Mundial","isPartOf":{"@id":"https:\/\/www.pdparacas.com.pe\/blog\/#website"},"primaryImageOfPage":{"@id":"https:\/\/www.pdparacas.com.pe\/blog\/28desetiembre-dia-maritimo-mundial\/#primaryimage"},"datePublished":"2023-10-03T16:05:43+00:00","dateModified":"2023-10-03T16:06:08+00:00","author":{"@id":"https:\/\/www.pdparacas.com.pe\/blog\/#\/schema\/person\/40f4a1f66107d54c1a25d656e7a6ac7f"},"description":"\u25b7 #28deSetiembre | D\u00eda Mar\u00edtimo Mundial. Conoce los detalles en este interesante blog. \u2705","breadcrumb":{"@id":"https:\/\/www.pdparacas.com.pe\/blog\/28desetiembre-dia-maritimo-mundial\/#breadcrumb"},"inLanguage":"es","potentialAction":[{"@type":"ReadAction","target":["https:\/\/www.pdparacas.com.pe\/blog\/28desetiembre-dia-maritimo-mundial\/"]}]},{"@type":"BreadcrumbList","@id":"https:\/\/www.pdparacas.com.pe\/blog\/28desetiembre-dia-maritimo-mundial\/#breadcrumb","itemListElement":[{"@type":"ListItem","position":1,"name":"Portada","item":"https:\/\/www.pdparacas.com.pe\/blog\/"},{"@type":"ListItem","position":2,"name":"#28deSetiembre | D\u00eda Mar\u00edtimo Mundial"}]},{"@type":"Person","@id":"https:\/\/www.pdparacas.com.pe\/blog\/#\/schema\/person\/40f4a1f66107d54c1a25d656e7a6ac7f","name":"Samuel Reyes","image":{"@type":"ImageObject","@id":"https:\/\/www.pdparacas.com.pe\/blog\/#personlogo","inLanguage":"es","url":"https:\/\/secure.gravatar.com\/avatar\/40a2c27a4520da1b7f58e63ff303a47b?s=96&d=mm&r=g","contentUrl":"https:\/\/secure.gravatar.com\/avatar\/40a2c27a4520da1b7f58e63ff303a47b?s=96&d=mm&r=g","caption":"Samuel Reyes"},"url":"https:\/\/www.pdparacas.com.pe\/blog\/author\/s-reyespdparacas-com-pe\/"}]}},"_links":{"self":[{"href":"https:\/\/www.pdparacas.com.pe\/blog\/wp-json\/wp\/v2\/posts\/7334"}],"collection":[{"href":"https:\/\/www.pdparacas.com.pe\/blog\/wp-json\/wp\/v2\/posts"}],"about":[{"href":"https:\/\/www.pdparacas.com.pe\/blog\/wp-json\/wp\/v2\/types\/post"}],"author":[{"embeddable":true,"href":"https:\/\/www.pdparacas.com.pe\/blog\/wp-json\/wp\/v2\/users\/17"}],"replies":[{"embeddable":true,"href":"https:\/\/www.pdparacas.com.pe\/blog\/wp-json\/wp\/v2\/comments?post=7334"}],"version-history":[{"count":1,"href":"https:\/\/www.pdparacas.com.pe\/blog\/wp-json\/wp\/v2\/posts\/7334\/revisions"}],"predecessor-version":[{"id":7336,"href":"https:\/\/www.pdparacas.com.pe\/blog\/wp-json\/wp\/v2\/posts\/7334\/revisions\/7336"}],"wp:featuredmedia":[{"embeddable":true,"href":"https:\/\/www.pdparacas.com.pe\/blog\/wp-json\/wp\/v2\/media\/7335"}],"wp:attachment":[{"href":"https:\/\/www.pdparacas.com.pe\/blog\/wp-json\/wp\/v2\/media?parent=7334"}],"wp:term":[{"taxonomy":"category","embeddable":true,"href":"https:\/\/www.pdparacas.com.pe\/blog\/wp-json\/wp\/v2\/categories?post=7334"},{"taxonomy":"post_tag","embeddable":true,"href":"https:\/\/www.pdparacas.com.pe\/blog\/wp-json\/wp\/v2\/tags?post=7334"}],"curies":[{"name":"wp","href":"https:\/\/api.w.org\/{rel}","templated":true}]}}