{"id":7295,"date":"2023-10-03T15:30:50","date_gmt":"2023-10-03T15:30:50","guid":{"rendered":"https:\/\/www.pdparacas.com.pe\/blog\/?p=7295"},"modified":"2023-10-03T15:30:50","modified_gmt":"2023-10-03T15:30:50","slug":"el-puerto-de-paracas-fue-sede-del-1er-encuentro-de-representantes-de-los-sistemas-de-proteccion-de-diversas-organizaciones-de-la-zona-centro-sur-del-pais","status":"publish","type":"post","link":"https:\/\/www.pdparacas.com.pe\/blog\/el-puerto-de-paracas-fue-sede-del-1er-encuentro-de-representantes-de-los-sistemas-de-proteccion-de-diversas-organizaciones-de-la-zona-centro-sur-del-pais\/","title":{"rendered":"EL PUERTO DE PARACAS FUE SEDE DEL 1ER ENCUENTRO DE REPRESENTANTES DE LOS SISTEMAS DE PROTECCI\u00d3N DE DIVERSAS ORGANIZACIONES DE LA ZONA CENTRO-SUR DEL PA\u00cdS."},"content":{"rendered":"<p><strong>EL PUERTO DE PARACAS FUE SEDE DEL 1ER ENCUENTRO DE REPRESENTANTES DE LOS SISTEMAS DE PROTECCI\u00d3N DE DIVERSAS ORGANIZACIONES DE LA ZONA CENTRO-SUR DEL PA\u00cdS.<\/strong><\/p>\n<p><strong>13 de setiembre del 2023.<\/strong><\/p>\n<div dir=\"auto\">\n<div dir=\"auto\">\n<div class=\"xdj266r x11i5rnm xat24cr x1mh8g0r x1vvkbs x126k92a\">\n<div dir=\"auto\">\n<div dir=\"auto\"><span class=\"x3nfvp2 x1j61x8r x1fcty0u xdj266r xhhsvwb xat24cr xgzva0m xxymvpz xlup9mm x1kky2od\"><img loading=\"lazy\" src=\"https:\/\/static.xx.fbcdn.net\/images\/emoji.php\/v9\/tac\/1\/16\/1f4cc.png\" alt=\"?\" width=\"16\" height=\"16\" \/><\/span>El Puerto de Paracas fue sede del 1er Encuentro de representantes de los sistemas de protecci\u00f3n de diversas organizaciones de la zona centro &#8211; sur del pa\u00eds. Este evento tuvo como objetivo fomentar una cultura de seguridad en las organizaciones, intercambiar experiencias y formar una red que potencie esfuerzos para garantizar que nuestra cadena log\u00edstica est\u00e9 libre de contaminaci\u00f3n y actos il\u00edcitos. <span class=\"x3nfvp2 x1j61x8r x1fcty0u xdj266r xhhsvwb xat24cr xgzva0m xxymvpz xlup9mm x1kky2od\"><img loading=\"lazy\" src=\"https:\/\/static.xx.fbcdn.net\/images\/emoji.php\/v9\/t3f\/1\/16\/1f6a2.png\" alt=\"?\" width=\"16\" height=\"16\" \/><\/span><span class=\"x3nfvp2 x1j61x8r x1fcty0u xdj266r xhhsvwb xat24cr xgzva0m xxymvpz xlup9mm x1kky2od\"><img loading=\"lazy\" src=\"https:\/\/static.xx.fbcdn.net\/images\/emoji.php\/v9\/t2b\/1\/16\/1f46e_200d_2642.png\" alt=\"?\u200d\u2642\ufe0f\" width=\"16\" height=\"16\" \/><\/span><span class=\"x3nfvp2 x1j61x8r x1fcty0u xdj266r xhhsvwb xat24cr xgzva0m xxymvpz xlup9mm x1kky2od\"><img loading=\"lazy\" src=\"https:\/\/static.xx.fbcdn.net\/images\/emoji.php\/v9\/tbb\/1\/16\/1f46e.png\" alt=\"?\" width=\"16\" height=\"16\" \/><\/span><\/div>\n<div dir=\"auto\">Agradecemos al Coronel PNP Bola\u00f1os (DIRANDRO) y al gerente de Operaciones de BASC Per\u00fa, Carlos Reyes Lazo, por su ponencia en el evento.<\/div>\n<div dir=\"auto\">PdP, puerto moderno, eficiente y seguro. <span class=\"x3nfvp2 x1j61x8r x1fcty0u xdj266r xhhsvwb xat24cr xgzva0m xxymvpz xlup9mm x1kky2od\"><img loading=\"lazy\" src=\"https:\/\/static.xx.fbcdn.net\/images\/emoji.php\/v9\/tbc\/1\/16\/1f30a.png\" alt=\"?\" width=\"16\" height=\"16\" \/><\/span><span class=\"x3nfvp2 x1j61x8r x1fcty0u xdj266r xhhsvwb xat24cr xgzva0m xxymvpz xlup9mm x1kky2od\"><img loading=\"lazy\" src=\"https:\/\/static.xx.fbcdn.net\/images\/emoji.php\/v9\/t3f\/1\/16\/1f6a2.png\" alt=\"?\" width=\"16\" height=\"16\" \/><\/span><\/div>\n<div dir=\"auto\"><a class=\"x1i10hfl xjbqb8w x6umtig x1b1mbwd xaqea5y xav7gou x9f619 x1ypdohk xt0psk2 xe8uvvx xdj266r x11i5rnm xat24cr x1mh8g0r xexx8yu x4uap5 x18d9i69 xkhd6sd x16tdsg8 x1hl2dhg xggy1nq x1a2a7pz xt0b8zv x1qq9wsj xo1l8bm\" tabindex=\"0\" role=\"link\" href=\"https:\/\/www.facebook.com\/hashtag\/puertodeparacas?__eep__=6&amp;__cft__[0]=AZWtmrLhnAuz_taRYGstrJBHEwZJ6rDzaUJfyRW7ztmEjAyp1n2KIaKTdUukoWyakfw2EF07W7u24deiw0OUeeeAxvoOE1FwTZiDM5ZrfTNA6Qv45zX4Ni_GPVpG5-J_ahVhS4rEudGHTK809xuIovpnmEtaNI6LkkH45iZU9n50z_7Tq5z8D3KVAvNJ7gGBqa8&amp;__tn__=*NK-R\">#PuertodeParacas<\/a><\/div>\n<div dir=\"auto\"><a class=\"x1i10hfl xjbqb8w x6umtig x1b1mbwd xaqea5y xav7gou x9f619 x1ypdohk xt0psk2 xe8uvvx xdj266r x11i5rnm xat24cr x1mh8g0r xexx8yu x4uap5 x18d9i69 xkhd6sd x16tdsg8 x1hl2dhg xggy1nq x1a2a7pz xt0b8zv x1qq9wsj xo1l8bm\" tabindex=\"0\" role=\"link\" href=\"https:\/\/www.facebook.com\/hashtag\/puertomodernoyseguro?__eep__=6&amp;__cft__[0]=AZWtmrLhnAuz_taRYGstrJBHEwZJ6rDzaUJfyRW7ztmEjAyp1n2KIaKTdUukoWyakfw2EF07W7u24deiw0OUeeeAxvoOE1FwTZiDM5ZrfTNA6Qv45zX4Ni_GPVpG5-J_ahVhS4rEudGHTK809xuIovpnmEtaNI6LkkH45iZU9n50z_7Tq5z8D3KVAvNJ7gGBqa8&amp;__tn__=*NK-R\">#PuertoModernoYSeguro<\/a><\/div>\n<div dir=\"auto\"><a class=\"x1i10hfl xjbqb8w x6umtig x1b1mbwd xaqea5y xav7gou x9f619 x1ypdohk xt0psk2 xe8uvvx xdj266r x11i5rnm xat24cr x1mh8g0r xexx8yu x4uap5 x18d9i69 xkhd6sd x16tdsg8 x1hl2dhg xggy1nq x1a2a7pz xt0b8zv x1qq9wsj xo1l8bm\" tabindex=\"0\" role=\"link\" href=\"https:\/\/www.facebook.com\/hashtag\/bascper%C3%BA?__eep__=6&amp;__cft__[0]=AZWtmrLhnAuz_taRYGstrJBHEwZJ6rDzaUJfyRW7ztmEjAyp1n2KIaKTdUukoWyakfw2EF07W7u24deiw0OUeeeAxvoOE1FwTZiDM5ZrfTNA6Qv45zX4Ni_GPVpG5-J_ahVhS4rEudGHTK809xuIovpnmEtaNI6LkkH45iZU9n50z_7Tq5z8D3KVAvNJ7gGBqa8&amp;__tn__=*NK-R\">#BASCPER\u00da<\/a><\/div>\n<\/div>\n<div dir=\"auto\"><\/div>\n<\/div>\n<\/div>\n<div dir=\"auto\"><\/div>\n<\/div>\n<p><img loading=\"lazy\" class=\"aligncenter size-large wp-image-7296\" src=\"http:\/\/www.pdparacas.com.pe\/blog\/wp-content\/uploads\/2023\/10\/BASC-0-1024x683.png\" alt=\"\" width=\"1024\" height=\"683\" srcset=\"https:\/\/www.pdparacas.com.pe\/blog\/wp-content\/uploads\/2023\/10\/BASC-0-1024x683.png 1024w, https:\/\/www.pdparacas.com.pe\/blog\/wp-content\/uploads\/2023\/10\/BASC-0-300x200.png 300w, https:\/\/www.pdparacas.com.pe\/blog\/wp-content\/uploads\/2023\/10\/BASC-0-768x512.png 768w, https:\/\/www.pdparacas.com.pe\/blog\/wp-content\/uploads\/2023\/10\/BASC-0-1536x1024.png 1536w, https:\/\/www.pdparacas.com.pe\/blog\/wp-content\/uploads\/2023\/10\/BASC-0-900x600.png 900w, https:\/\/www.pdparacas.com.pe\/blog\/wp-content\/uploads\/2023\/10\/BASC-0.png 1620w\" sizes=\"(max-width: 1024px) 100vw, 1024px\" \/><img loading=\"lazy\" class=\"aligncenter size-large wp-image-7297\" src=\"http:\/\/www.pdparacas.com.pe\/blog\/wp-content\/uploads\/2023\/10\/BASC-1-1024x683.png\" alt=\"\" width=\"1024\" height=\"683\" srcset=\"https:\/\/www.pdparacas.com.pe\/blog\/wp-content\/uploads\/2023\/10\/BASC-1-1024x683.png 1024w, https:\/\/www.pdparacas.com.pe\/blog\/wp-content\/uploads\/2023\/10\/BASC-1-300x200.png 300w, https:\/\/www.pdparacas.com.pe\/blog\/wp-content\/uploads\/2023\/10\/BASC-1-768x512.png 768w, https:\/\/www.pdparacas.com.pe\/blog\/wp-content\/uploads\/2023\/10\/BASC-1-1536x1024.png 1536w, https:\/\/www.pdparacas.com.pe\/blog\/wp-content\/uploads\/2023\/10\/BASC-1-900x600.png 900w, https:\/\/www.pdparacas.com.pe\/blog\/wp-content\/uploads\/2023\/10\/BASC-1.png 1620w\" sizes=\"(max-width: 1024px) 100vw, 1024px\" \/><img loading=\"lazy\" class=\"aligncenter size-large wp-image-7298\" src=\"http:\/\/www.pdparacas.com.pe\/blog\/wp-content\/uploads\/2023\/10\/BASC-3-1024x683.png\" alt=\"\" width=\"1024\" height=\"683\" srcset=\"https:\/\/www.pdparacas.com.pe\/blog\/wp-content\/uploads\/2023\/10\/BASC-3-1024x683.png 1024w, https:\/\/www.pdparacas.com.pe\/blog\/wp-content\/uploads\/2023\/10\/BASC-3-300x200.png 300w, https:\/\/www.pdparacas.com.pe\/blog\/wp-content\/uploads\/2023\/10\/BASC-3-768x512.png 768w, https:\/\/www.pdparacas.com.pe\/blog\/wp-content\/uploads\/2023\/10\/BASC-3-1536x1024.png 1536w, https:\/\/www.pdparacas.com.pe\/blog\/wp-content\/uploads\/2023\/10\/BASC-3-900x600.png 900w, https:\/\/www.pdparacas.com.pe\/blog\/wp-content\/uploads\/2023\/10\/BASC-3.png 1620w\" sizes=\"(max-width: 1024px) 100vw, 1024px\" \/><img loading=\"lazy\" class=\"aligncenter size-large wp-image-7299\" src=\"http:\/\/www.pdparacas.com.pe\/blog\/wp-content\/uploads\/2023\/10\/BASC-4-1024x683.png\" alt=\"\" width=\"1024\" height=\"683\" srcset=\"https:\/\/www.pdparacas.com.pe\/blog\/wp-content\/uploads\/2023\/10\/BASC-4-1024x683.png 1024w, https:\/\/www.pdparacas.com.pe\/blog\/wp-content\/uploads\/2023\/10\/BASC-4-300x200.png 300w, https:\/\/www.pdparacas.com.pe\/blog\/wp-content\/uploads\/2023\/10\/BASC-4-768x512.png 768w, https:\/\/www.pdparacas.com.pe\/blog\/wp-content\/uploads\/2023\/10\/BASC-4-1536x1024.png 1536w, https:\/\/www.pdparacas.com.pe\/blog\/wp-content\/uploads\/2023\/10\/BASC-4-900x600.png 900w, https:\/\/www.pdparacas.com.pe\/blog\/wp-content\/uploads\/2023\/10\/BASC-4.png 1620w\" sizes=\"(max-width: 1024px) 100vw, 1024px\" \/><\/p>\n","protected":false},"excerpt":{"rendered":"<p>EL PUERTO DE PARACAS FUE SEDE DEL 1ER ENCUENTRO DE REPRESENTANTES DE LOS SISTEMAS DE&#8230;<\/p>\n","protected":false},"author":17,"featured_media":7296,"comment_status":"open","ping_status":"open","sticky":false,"template":"","format":"standard","meta":[],"categories":[1],"tags":[],"better_featured_image":{"id":7296,"alt_text":"","caption":"","description":"","media_type":"image","media_details":{"width":1620,"height":1080,"file":"2023\/10\/BASC-0.png","sizes":{"medium":{"file":"BASC-0-300x200.png","width":300,"height":200,"mime-type":"image\/png","source_url":"https:\/\/www.pdparacas.com.pe\/blog\/wp-content\/uploads\/2023\/10\/BASC-0-300x200.png"},"large":{"file":"BASC-0-1024x683.png","width":1024,"height":683,"mime-type":"image\/png","source_url":"https:\/\/www.pdparacas.com.pe\/blog\/wp-content\/uploads\/2023\/10\/BASC-0-1024x683.png"},"thumbnail":{"file":"BASC-0-150x150.png","width":150,"height":150,"mime-type":"image\/png","source_url":"https:\/\/www.pdparacas.com.pe\/blog\/wp-content\/uploads\/2023\/10\/BASC-0-150x150.png"},"medium_large":{"file":"BASC-0-768x512.png","width":768,"height":512,"mime-type":"image\/png","source_url":"https:\/\/www.pdparacas.com.pe\/blog\/wp-content\/uploads\/2023\/10\/BASC-0-768x512.png"},"1536x1536":{"file":"BASC-0-1536x1024.png","width":1536,"height":1024,"mime-type":"image\/png","source_url":"https:\/\/www.pdparacas.com.pe\/blog\/wp-content\/uploads\/2023\/10\/BASC-0-1536x1024.png"},"portfolio-thumb":{"file":"BASC-0-600x403.png","width":600,"height":403,"mime-type":"image\/png","source_url":"https:\/\/www.pdparacas.com.pe\/blog\/wp-content\/uploads\/2023\/10\/BASC-0-600x403.png"},"portfolio-thumb_small":{"file":"BASC-0-400x269.png","width":400,"height":269,"mime-type":"image\/png","source_url":"https:\/\/www.pdparacas.com.pe\/blog\/wp-content\/uploads\/2023\/10\/BASC-0-400x269.png"},"portfolio-widget":{"file":"BASC-0-100x100.png","width":100,"height":100,"mime-type":"image\/png","source_url":"https:\/\/www.pdparacas.com.pe\/blog\/wp-content\/uploads\/2023\/10\/BASC-0-100x100.png"},"nectar_small_square":{"file":"BASC-0-140x140.png","width":140,"height":140,"mime-type":"image\/png","source_url":"https:\/\/www.pdparacas.com.pe\/blog\/wp-content\/uploads\/2023\/10\/BASC-0-140x140.png"},"wide":{"file":"BASC-0-1000x500.png","width":1000,"height":500,"mime-type":"image\/png","source_url":"https:\/\/www.pdparacas.com.pe\/blog\/wp-content\/uploads\/2023\/10\/BASC-0-1000x500.png"},"wide_small":{"file":"BASC-0-670x335.png","width":670,"height":335,"mime-type":"image\/png","source_url":"https:\/\/www.pdparacas.com.pe\/blog\/wp-content\/uploads\/2023\/10\/BASC-0-670x335.png"},"regular":{"file":"BASC-0-500x500.png","width":500,"height":500,"mime-type":"image\/png","source_url":"https:\/\/www.pdparacas.com.pe\/blog\/wp-content\/uploads\/2023\/10\/BASC-0-500x500.png"},"regular_small":{"file":"BASC-0-350x350.png","width":350,"height":350,"mime-type":"image\/png","source_url":"https:\/\/www.pdparacas.com.pe\/blog\/wp-content\/uploads\/2023\/10\/BASC-0-350x350.png"},"tall":{"file":"BASC-0-500x1000.png","width":500,"height":1000,"mime-type":"image\/png","source_url":"https:\/\/www.pdparacas.com.pe\/blog\/wp-content\/uploads\/2023\/10\/BASC-0-500x1000.png"},"wide_tall":{"file":"BASC-0-1000x1000.png","width":1000,"height":1000,"mime-type":"image\/png","source_url":"https:\/\/www.pdparacas.com.pe\/blog\/wp-content\/uploads\/2023\/10\/BASC-0-1000x1000.png"},"wide_photography":{"file":"BASC-0-900x600.png","width":900,"height":600,"mime-type":"image\/png","source_url":"https:\/\/www.pdparacas.com.pe\/blog\/wp-content\/uploads\/2023\/10\/BASC-0-900x600.png"},"large_featured":{"file":"BASC-0-1620x700.png","width":1620,"height":700,"mime-type":"image\/png","source_url":"https:\/\/www.pdparacas.com.pe\/blog\/wp-content\/uploads\/2023\/10\/BASC-0-1620x700.png"},"medium_featured":{"file":"BASC-0-800x800.png","width":800,"height":800,"mime-type":"image\/png","source_url":"https:\/\/www.pdparacas.com.pe\/blog\/wp-content\/uploads\/2023\/10\/BASC-0-800x800.png"},"img_post":{"file":"BASC-0-365x250.png","width":365,"height":250,"mime-type":"image\/png","source_url":"https:\/\/www.pdparacas.com.pe\/blog\/wp-content\/uploads\/2023\/10\/BASC-0-365x250.png"}},"image_meta":{"aperture":"0","credit":"","camera":"","caption":"","created_timestamp":"0","copyright":"","focal_length":"0","iso":"0","shutter_speed":"0","title":"","orientation":"0","keywords":[]}},"post":7295,"source_url":"https:\/\/www.pdparacas.com.pe\/blog\/wp-content\/uploads\/2023\/10\/BASC-0.png"},"yoast_head":"<!-- This site is optimized with the Yoast SEO plugin v16.8 - https:\/\/yoast.com\/wordpress\/plugins\/seo\/ -->\n<title>\u25b7 EL PUERTO DE PARACAS FUE SEDE DEL 1ER ENCUENTRO DE REPRESENTANTES DE LOS SISTEMAS DE PROTECCI\u00d3N DE DIVERSAS ORGANIZACIONES DE LA ZONA CENTRO-SUR DEL PA\u00cdS.<\/title>\n<meta name=\"description\" content=\"\u25b7 El Puerto de Paracas fue sede del 1er encuentro de representantes de los sistemas de protecci\u00f3n de diversas organizaciones de la zona centro-sur del pa\u00eds. Conoce los detalles en este interesante blog. \u2705\" \/>\n<meta name=\"robots\" content=\"index, follow, max-snippet:-1, max-image-preview:large, max-video-preview:-1\" \/>\n<link rel=\"canonical\" href=\"https:\/\/www.pdparacas.com.pe\/blog\/el-puerto-de-paracas-fue-sede-del-1er-encuentro-de-representantes-de-los-sistemas-de-proteccion-de-diversas-organizaciones-de-la-zona-centro-sur-del-pais\/\" \/>\n<meta property=\"og:locale\" content=\"es_ES\" \/>\n<meta property=\"og:type\" content=\"article\" \/>\n<meta property=\"og:title\" content=\"\u25b7 EL PUERTO DE PARACAS FUE SEDE DEL 1ER ENCUENTRO DE REPRESENTANTES DE LOS SISTEMAS DE PROTECCI\u00d3N DE DIVERSAS ORGANIZACIONES DE LA ZONA CENTRO-SUR DEL PA\u00cdS.\" \/>\n<meta property=\"og:description\" content=\"\u25b7 El Puerto de Paracas fue sede del 1er encuentro de representantes de los sistemas de protecci\u00f3n de diversas organizaciones de la zona centro-sur del pa\u00eds. Conoce los detalles en este interesante blog. \u2705\" \/>\n<meta property=\"og:url\" content=\"https:\/\/www.pdparacas.com.pe\/blog\/el-puerto-de-paracas-fue-sede-del-1er-encuentro-de-representantes-de-los-sistemas-de-proteccion-de-diversas-organizaciones-de-la-zona-centro-sur-del-pais\/\" \/>\n<meta property=\"og:site_name\" content=\"Puerto de Paracas - Blog\" \/>\n<meta property=\"article:published_time\" content=\"2023-10-03T15:30:50+00:00\" \/>\n<meta property=\"og:image\" content=\"http:\/\/www.pdparacas.com.pe\/blog\/wp-content\/uploads\/2023\/10\/BASC-0-1024x683.png\" \/>\n\t<meta property=\"og:image:width\" content=\"1024\" \/>\n\t<meta property=\"og:image:height\" content=\"683\" \/>\n<meta name=\"twitter:card\" content=\"summary_large_image\" \/>\n<meta name=\"twitter:label1\" content=\"Escrito por\" \/>\n\t<meta name=\"twitter:data1\" content=\"Samuel Reyes\" \/>\n\t<meta name=\"twitter:label2\" content=\"Tiempo de lectura\" \/>\n\t<meta name=\"twitter:data2\" content=\"3 minutos\" \/>\n<script type=\"application\/ld+json\" class=\"yoast-schema-graph\">{\"@context\":\"https:\/\/schema.org\",\"@graph\":[{\"@type\":\"WebSite\",\"@id\":\"https:\/\/www.pdparacas.com.pe\/blog\/#website\",\"url\":\"https:\/\/www.pdparacas.com.pe\/blog\/\",\"name\":\"Puerto de Paracas - Blog\",\"description\":\"\",\"potentialAction\":[{\"@type\":\"SearchAction\",\"target\":{\"@type\":\"EntryPoint\",\"urlTemplate\":\"https:\/\/www.pdparacas.com.pe\/blog\/?s={search_term_string}\"},\"query-input\":\"required name=search_term_string\"}],\"inLanguage\":\"es\"},{\"@type\":\"ImageObject\",\"@id\":\"https:\/\/www.pdparacas.com.pe\/blog\/el-puerto-de-paracas-fue-sede-del-1er-encuentro-de-representantes-de-los-sistemas-de-proteccion-de-diversas-organizaciones-de-la-zona-centro-sur-del-pais\/#primaryimage\",\"inLanguage\":\"es\",\"url\":\"https:\/\/www.pdparacas.com.pe\/blog\/wp-content\/uploads\/2023\/10\/BASC-0.png\",\"contentUrl\":\"https:\/\/www.pdparacas.com.pe\/blog\/wp-content\/uploads\/2023\/10\/BASC-0.png\",\"width\":1620,\"height\":1080},{\"@type\":\"WebPage\",\"@id\":\"https:\/\/www.pdparacas.com.pe\/blog\/el-puerto-de-paracas-fue-sede-del-1er-encuentro-de-representantes-de-los-sistemas-de-proteccion-de-diversas-organizaciones-de-la-zona-centro-sur-del-pais\/#webpage\",\"url\":\"https:\/\/www.pdparacas.com.pe\/blog\/el-puerto-de-paracas-fue-sede-del-1er-encuentro-de-representantes-de-los-sistemas-de-proteccion-de-diversas-organizaciones-de-la-zona-centro-sur-del-pais\/\",\"name\":\"\\u25b7 EL PUERTO DE PARACAS FUE SEDE DEL 1ER ENCUENTRO DE REPRESENTANTES DE LOS SISTEMAS DE PROTECCI\\u00d3N DE DIVERSAS ORGANIZACIONES DE LA ZONA CENTRO-SUR DEL PA\\u00cdS.\",\"isPartOf\":{\"@id\":\"https:\/\/www.pdparacas.com.pe\/blog\/#website\"},\"primaryImageOfPage\":{\"@id\":\"https:\/\/www.pdparacas.com.pe\/blog\/el-puerto-de-paracas-fue-sede-del-1er-encuentro-de-representantes-de-los-sistemas-de-proteccion-de-diversas-organizaciones-de-la-zona-centro-sur-del-pais\/#primaryimage\"},\"datePublished\":\"2023-10-03T15:30:50+00:00\",\"dateModified\":\"2023-10-03T15:30:50+00:00\",\"author\":{\"@id\":\"https:\/\/www.pdparacas.com.pe\/blog\/#\/schema\/person\/40f4a1f66107d54c1a25d656e7a6ac7f\"},\"description\":\"\\u25b7 El Puerto de Paracas fue sede del 1er encuentro de representantes de los sistemas de protecci\\u00f3n de diversas organizaciones de la zona centro-sur del pa\\u00eds. Conoce los detalles en este interesante blog. \\u2705\",\"breadcrumb\":{\"@id\":\"https:\/\/www.pdparacas.com.pe\/blog\/el-puerto-de-paracas-fue-sede-del-1er-encuentro-de-representantes-de-los-sistemas-de-proteccion-de-diversas-organizaciones-de-la-zona-centro-sur-del-pais\/#breadcrumb\"},\"inLanguage\":\"es\",\"potentialAction\":[{\"@type\":\"ReadAction\",\"target\":[\"https:\/\/www.pdparacas.com.pe\/blog\/el-puerto-de-paracas-fue-sede-del-1er-encuentro-de-representantes-de-los-sistemas-de-proteccion-de-diversas-organizaciones-de-la-zona-centro-sur-del-pais\/\"]}]},{\"@type\":\"BreadcrumbList\",\"@id\":\"https:\/\/www.pdparacas.com.pe\/blog\/el-puerto-de-paracas-fue-sede-del-1er-encuentro-de-representantes-de-los-sistemas-de-proteccion-de-diversas-organizaciones-de-la-zona-centro-sur-del-pais\/#breadcrumb\",\"itemListElement\":[{\"@type\":\"ListItem\",\"position\":1,\"name\":\"Portada\",\"item\":\"https:\/\/www.pdparacas.com.pe\/blog\/\"},{\"@type\":\"ListItem\",\"position\":2,\"name\":\"EL PUERTO DE PARACAS FUE SEDE DEL 1ER ENCUENTRO DE REPRESENTANTES DE LOS SISTEMAS DE PROTECCI\\u00d3N DE DIVERSAS ORGANIZACIONES DE LA ZONA CENTRO-SUR DEL PA\\u00cdS.\"}]},{\"@type\":\"Person\",\"@id\":\"https:\/\/www.pdparacas.com.pe\/blog\/#\/schema\/person\/40f4a1f66107d54c1a25d656e7a6ac7f\",\"name\":\"Samuel Reyes\",\"image\":{\"@type\":\"ImageObject\",\"@id\":\"https:\/\/www.pdparacas.com.pe\/blog\/#personlogo\",\"inLanguage\":\"es\",\"url\":\"https:\/\/secure.gravatar.com\/avatar\/40a2c27a4520da1b7f58e63ff303a47b?s=96&d=mm&r=g\",\"contentUrl\":\"https:\/\/secure.gravatar.com\/avatar\/40a2c27a4520da1b7f58e63ff303a47b?s=96&d=mm&r=g\",\"caption\":\"Samuel Reyes\"},\"url\":\"https:\/\/www.pdparacas.com.pe\/blog\/author\/s-reyespdparacas-com-pe\/\"}]}<\/script>\n<!-- \/ Yoast SEO plugin. -->","yoast_head_json":{"title":"\u25b7 EL PUERTO DE PARACAS FUE SEDE DEL 1ER ENCUENTRO DE REPRESENTANTES DE LOS SISTEMAS DE PROTECCI\u00d3N DE DIVERSAS ORGANIZACIONES DE LA ZONA CENTRO-SUR DEL PA\u00cdS.","description":"\u25b7 El Puerto de Paracas fue sede del 1er encuentro de representantes de los sistemas de protecci\u00f3n de diversas organizaciones de la zona centro-sur del pa\u00eds. Conoce los detalles en este interesante blog. \u2705","robots":{"index":"index","follow":"follow","max-snippet":"max-snippet:-1","max-image-preview":"max-image-preview:large","max-video-preview":"max-video-preview:-1"},"canonical":"https:\/\/www.pdparacas.com.pe\/blog\/el-puerto-de-paracas-fue-sede-del-1er-encuentro-de-representantes-de-los-sistemas-de-proteccion-de-diversas-organizaciones-de-la-zona-centro-sur-del-pais\/","og_locale":"es_ES","og_type":"article","og_title":"\u25b7 EL PUERTO DE PARACAS FUE SEDE DEL 1ER ENCUENTRO DE REPRESENTANTES DE LOS SISTEMAS DE PROTECCI\u00d3N DE DIVERSAS ORGANIZACIONES DE LA ZONA CENTRO-SUR DEL PA\u00cdS.","og_description":"\u25b7 El Puerto de Paracas fue sede del 1er encuentro de representantes de los sistemas de protecci\u00f3n de diversas organizaciones de la zona centro-sur del pa\u00eds. Conoce los detalles en este interesante blog. \u2705","og_url":"https:\/\/www.pdparacas.com.pe\/blog\/el-puerto-de-paracas-fue-sede-del-1er-encuentro-de-representantes-de-los-sistemas-de-proteccion-de-diversas-organizaciones-de-la-zona-centro-sur-del-pais\/","og_site_name":"Puerto de Paracas - Blog","article_published_time":"2023-10-03T15:30:50+00:00","og_image":[{"width":1024,"height":683,"path":"2023\/10\/BASC-0-1024x683.png","url":"http:\/\/www.pdparacas.com.pe\/blog\/wp-content\/uploads\/2023\/10\/BASC-0-1024x683.png","size":"large","id":7296,"alt":"","pixels":699392,"type":"image\/png"}],"twitter_card":"summary_large_image","twitter_misc":{"Escrito por":"Samuel Reyes","Tiempo de lectura":"3 minutos"},"schema":{"@context":"https:\/\/schema.org","@graph":[{"@type":"WebSite","@id":"https:\/\/www.pdparacas.com.pe\/blog\/#website","url":"https:\/\/www.pdparacas.com.pe\/blog\/","name":"Puerto de Paracas - Blog","description":"","potentialAction":[{"@type":"SearchAction","target":{"@type":"EntryPoint","urlTemplate":"https:\/\/www.pdparacas.com.pe\/blog\/?s={search_term_string}"},"query-input":"required name=search_term_string"}],"inLanguage":"es"},{"@type":"ImageObject","@id":"https:\/\/www.pdparacas.com.pe\/blog\/el-puerto-de-paracas-fue-sede-del-1er-encuentro-de-representantes-de-los-sistemas-de-proteccion-de-diversas-organizaciones-de-la-zona-centro-sur-del-pais\/#primaryimage","inLanguage":"es","url":"https:\/\/www.pdparacas.com.pe\/blog\/wp-content\/uploads\/2023\/10\/BASC-0.png","contentUrl":"https:\/\/www.pdparacas.com.pe\/blog\/wp-content\/uploads\/2023\/10\/BASC-0.png","width":1620,"height":1080},{"@type":"WebPage","@id":"https:\/\/www.pdparacas.com.pe\/blog\/el-puerto-de-paracas-fue-sede-del-1er-encuentro-de-representantes-de-los-sistemas-de-proteccion-de-diversas-organizaciones-de-la-zona-centro-sur-del-pais\/#webpage","url":"https:\/\/www.pdparacas.com.pe\/blog\/el-puerto-de-paracas-fue-sede-del-1er-encuentro-de-representantes-de-los-sistemas-de-proteccion-de-diversas-organizaciones-de-la-zona-centro-sur-del-pais\/","name":"\u25b7 EL PUERTO DE PARACAS FUE SEDE DEL 1ER ENCUENTRO DE REPRESENTANTES DE LOS SISTEMAS DE PROTECCI\u00d3N DE DIVERSAS ORGANIZACIONES DE LA ZONA CENTRO-SUR DEL PA\u00cdS.","isPartOf":{"@id":"https:\/\/www.pdparacas.com.pe\/blog\/#website"},"primaryImageOfPage":{"@id":"https:\/\/www.pdparacas.com.pe\/blog\/el-puerto-de-paracas-fue-sede-del-1er-encuentro-de-representantes-de-los-sistemas-de-proteccion-de-diversas-organizaciones-de-la-zona-centro-sur-del-pais\/#primaryimage"},"datePublished":"2023-10-03T15:30:50+00:00","dateModified":"2023-10-03T15:30:50+00:00","author":{"@id":"https:\/\/www.pdparacas.com.pe\/blog\/#\/schema\/person\/40f4a1f66107d54c1a25d656e7a6ac7f"},"description":"\u25b7 El Puerto de Paracas fue sede del 1er encuentro de representantes de los sistemas de protecci\u00f3n de diversas organizaciones de la zona centro-sur del pa\u00eds. Conoce los detalles en este interesante blog. \u2705","breadcrumb":{"@id":"https:\/\/www.pdparacas.com.pe\/blog\/el-puerto-de-paracas-fue-sede-del-1er-encuentro-de-representantes-de-los-sistemas-de-proteccion-de-diversas-organizaciones-de-la-zona-centro-sur-del-pais\/#breadcrumb"},"inLanguage":"es","potentialAction":[{"@type":"ReadAction","target":["https:\/\/www.pdparacas.com.pe\/blog\/el-puerto-de-paracas-fue-sede-del-1er-encuentro-de-representantes-de-los-sistemas-de-proteccion-de-diversas-organizaciones-de-la-zona-centro-sur-del-pais\/"]}]},{"@type":"BreadcrumbList","@id":"https:\/\/www.pdparacas.com.pe\/blog\/el-puerto-de-paracas-fue-sede-del-1er-encuentro-de-representantes-de-los-sistemas-de-proteccion-de-diversas-organizaciones-de-la-zona-centro-sur-del-pais\/#breadcrumb","itemListElement":[{"@type":"ListItem","position":1,"name":"Portada","item":"https:\/\/www.pdparacas.com.pe\/blog\/"},{"@type":"ListItem","position":2,"name":"EL PUERTO DE PARACAS FUE SEDE DEL 1ER ENCUENTRO DE REPRESENTANTES DE LOS SISTEMAS DE PROTECCI\u00d3N DE DIVERSAS ORGANIZACIONES DE LA ZONA CENTRO-SUR DEL PA\u00cdS."}]},{"@type":"Person","@id":"https:\/\/www.pdparacas.com.pe\/blog\/#\/schema\/person\/40f4a1f66107d54c1a25d656e7a6ac7f","name":"Samuel Reyes","image":{"@type":"ImageObject","@id":"https:\/\/www.pdparacas.com.pe\/blog\/#personlogo","inLanguage":"es","url":"https:\/\/secure.gravatar.com\/avatar\/40a2c27a4520da1b7f58e63ff303a47b?s=96&d=mm&r=g","contentUrl":"https:\/\/secure.gravatar.com\/avatar\/40a2c27a4520da1b7f58e63ff303a47b?s=96&d=mm&r=g","caption":"Samuel Reyes"},"url":"https:\/\/www.pdparacas.com.pe\/blog\/author\/s-reyespdparacas-com-pe\/"}]}},"_links":{"self":[{"href":"https:\/\/www.pdparacas.com.pe\/blog\/wp-json\/wp\/v2\/posts\/7295"}],"collection":[{"href":"https:\/\/www.pdparacas.com.pe\/blog\/wp-json\/wp\/v2\/posts"}],"about":[{"href":"https:\/\/www.pdparacas.com.pe\/blog\/wp-json\/wp\/v2\/types\/post"}],"author":[{"embeddable":true,"href":"https:\/\/www.pdparacas.com.pe\/blog\/wp-json\/wp\/v2\/users\/17"}],"replies":[{"embeddable":true,"href":"https:\/\/www.pdparacas.com.pe\/blog\/wp-json\/wp\/v2\/comments?post=7295"}],"version-history":[{"count":2,"href":"https:\/\/www.pdparacas.com.pe\/blog\/wp-json\/wp\/v2\/posts\/7295\/revisions"}],"predecessor-version":[{"id":7301,"href":"https:\/\/www.pdparacas.com.pe\/blog\/wp-json\/wp\/v2\/posts\/7295\/revisions\/7301"}],"wp:featuredmedia":[{"embeddable":true,"href":"https:\/\/www.pdparacas.com.pe\/blog\/wp-json\/wp\/v2\/media\/7296"}],"wp:attachment":[{"href":"https:\/\/www.pdparacas.com.pe\/blog\/wp-json\/wp\/v2\/media?parent=7295"}],"wp:term":[{"taxonomy":"category","embeddable":true,"href":"https:\/\/www.pdparacas.com.pe\/blog\/wp-json\/wp\/v2\/categories?post=7295"},{"taxonomy":"post_tag","embeddable":true,"href":"https:\/\/www.pdparacas.com.pe\/blog\/wp-json\/wp\/v2\/tags?post=7295"}],"curies":[{"name":"wp","href":"https:\/\/api.w.org\/{rel}","templated":true}]}}