{"id":7268,"date":"2023-09-04T16:58:33","date_gmt":"2023-09-04T16:58:33","guid":{"rendered":"https:\/\/www.pdparacas.com.pe\/blog\/?p=7268"},"modified":"2023-09-04T16:58:33","modified_gmt":"2023-09-04T16:58:33","slug":"gerente-de-operaciones-del-puerto-de-paracas-cesar-rojas-prueba-la-liebherr-420-grua-movil-de-tierra-que-sera-la-proxima-incorporacion-para-el-puerto","status":"publish","type":"post","link":"https:\/\/www.pdparacas.com.pe\/blog\/gerente-de-operaciones-del-puerto-de-paracas-cesar-rojas-prueba-la-liebherr-420-grua-movil-de-tierra-que-sera-la-proxima-incorporacion-para-el-puerto\/","title":{"rendered":"GERENTE DE OPERACIONES DEL PUERTO DE PARACAS, CESAR ROJAS, PRUEBA LA LIEBHERR 420, GR\u00daA MOVIL DE TIERRA QUE SER\u00c1 LA PR\u00d3XIMA INCORPORACI\u00d3N PARA EL PUERTO."},"content":{"rendered":"<p><strong>GERENTE DE OPERACIONES DEL PUERTO DE PARACAS, CESAR ROJAS, PRUEBA LA LIEBHERR 420, GR\u00daA MOVIL DE TIERRA QUE SER\u00c1 LA PR\u00d3XIMA INCORPORACI\u00d3N PARA EL PUERTO.<\/strong><\/p>\n<p><strong>30 de agosto del 2023.<\/strong><\/p>\n<p>#CompetitividadLog\u00edstica |<\/p>\n<p>En Puerto de Paracas estamos entusiasmados por la pr\u00f3xima incorporaci\u00f3n de la gr\u00faa m\u00f3vil de tierra de Liebherr 420 de Liebherr Group, cuya capacidad de carga es de 125 TM y que nuestro Gerente de Operaciones, Cesar Mart\u00edn Rojas Alvaro, est\u00e1 probando en Inglaterra hoy<\/p>\n<p>Esta inversi\u00f3n, que se suma a la infraestructura de primer nivel existente , reafirma nuestro compromiso con la calidad y modernizaci\u00f3n constante, con el fortalecimiento permanente de nuestra capacidad y eficiencia, y respalda a\u00fan m\u00e1s la operaci\u00f3n portuaria sostenible y de clase mundial que tiene hoy el Puerto de Paracas.<\/p>\n<p>Seguimos trabajando para brindar un servicio de excelencia y potenciar el desarrollo en la regi\u00f3n sur del Per\u00fa<\/p>\n<p>#Modernizaci\u00f3nPortuaria #EficienciaOperativa<\/p>\n<p>#LogisticalCompetitiveness |<\/p>\n<p>&#8212;&#8212;&#8212;&#8212;&#8212;&#8212;&#8212;&#8212;&#8212;&#8212;&#8212;&#8212;&#8212;&#8212;&#8212;&#8212;&#8212;&#8212;&#8212;&#8212;&#8212;&#8212;&#8212;&#8212;&#8212;&#8212;&#8212;&#8212;&#8212;&#8212;-<\/p>\n<p>At Puerto de Paracas, we are excited about the upcoming addition of the Liebherr 420 mobile harbor crane from Liebherr Group, with a lifting capacity of 125 MT, which our Operations Manager Cesar Mart\u00edn Rojas Alvaro is testing in England today .<\/p>\n<p>This investment, that will be added to our existing top-tier infrastructure , reaffirms our commitment to quality and continuous modernization. It signifies the ongoing strengthening of our capacity and efficiency, further endorsing the sustainable, world-class port operation that Puerto de Paracas hosts today.<\/p>\n<p>We continue to work diligently to provide a service of excellence and promote the development of the southern region of Peru .<\/p>\n<p>#PortModernization<\/p>\n<p>&nbsp;<\/p>\n<p><img loading=\"lazy\" class=\"aligncenter size-full wp-image-7269\" src=\"http:\/\/www.pdparacas.com.pe\/blog\/wp-content\/uploads\/2023\/09\/L-420-1.png\" alt=\"\" width=\"800\" height=\"800\" srcset=\"https:\/\/www.pdparacas.com.pe\/blog\/wp-content\/uploads\/2023\/09\/L-420-1.png 800w, https:\/\/www.pdparacas.com.pe\/blog\/wp-content\/uploads\/2023\/09\/L-420-1-300x300.png 300w, https:\/\/www.pdparacas.com.pe\/blog\/wp-content\/uploads\/2023\/09\/L-420-1-150x150.png 150w, https:\/\/www.pdparacas.com.pe\/blog\/wp-content\/uploads\/2023\/09\/L-420-1-768x768.png 768w, https:\/\/www.pdparacas.com.pe\/blog\/wp-content\/uploads\/2023\/09\/L-420-1-100x100.png 100w, https:\/\/www.pdparacas.com.pe\/blog\/wp-content\/uploads\/2023\/09\/L-420-1-140x140.png 140w, https:\/\/www.pdparacas.com.pe\/blog\/wp-content\/uploads\/2023\/09\/L-420-1-500x500.png 500w, https:\/\/www.pdparacas.com.pe\/blog\/wp-content\/uploads\/2023\/09\/L-420-1-350x350.png 350w\" sizes=\"(max-width: 800px) 100vw, 800px\" \/><img loading=\"lazy\" class=\"aligncenter size-full wp-image-7270\" src=\"http:\/\/www.pdparacas.com.pe\/blog\/wp-content\/uploads\/2023\/09\/L-420-2.png\" alt=\"\" width=\"800\" height=\"800\" srcset=\"https:\/\/www.pdparacas.com.pe\/blog\/wp-content\/uploads\/2023\/09\/L-420-2.png 800w, https:\/\/www.pdparacas.com.pe\/blog\/wp-content\/uploads\/2023\/09\/L-420-2-300x300.png 300w, https:\/\/www.pdparacas.com.pe\/blog\/wp-content\/uploads\/2023\/09\/L-420-2-150x150.png 150w, https:\/\/www.pdparacas.com.pe\/blog\/wp-content\/uploads\/2023\/09\/L-420-2-768x768.png 768w, https:\/\/www.pdparacas.com.pe\/blog\/wp-content\/uploads\/2023\/09\/L-420-2-100x100.png 100w, https:\/\/www.pdparacas.com.pe\/blog\/wp-content\/uploads\/2023\/09\/L-420-2-140x140.png 140w, https:\/\/www.pdparacas.com.pe\/blog\/wp-content\/uploads\/2023\/09\/L-420-2-500x500.png 500w, https:\/\/www.pdparacas.com.pe\/blog\/wp-content\/uploads\/2023\/09\/L-420-2-350x350.png 350w\" sizes=\"(max-width: 800px) 100vw, 800px\" \/><img loading=\"lazy\" class=\"aligncenter size-full wp-image-7271\" src=\"http:\/\/www.pdparacas.com.pe\/blog\/wp-content\/uploads\/2023\/09\/L-420-3.png\" alt=\"\" width=\"800\" height=\"800\" srcset=\"https:\/\/www.pdparacas.com.pe\/blog\/wp-content\/uploads\/2023\/09\/L-420-3.png 800w, https:\/\/www.pdparacas.com.pe\/blog\/wp-content\/uploads\/2023\/09\/L-420-3-300x300.png 300w, https:\/\/www.pdparacas.com.pe\/blog\/wp-content\/uploads\/2023\/09\/L-420-3-150x150.png 150w, https:\/\/www.pdparacas.com.pe\/blog\/wp-content\/uploads\/2023\/09\/L-420-3-768x768.png 768w, https:\/\/www.pdparacas.com.pe\/blog\/wp-content\/uploads\/2023\/09\/L-420-3-100x100.png 100w, https:\/\/www.pdparacas.com.pe\/blog\/wp-content\/uploads\/2023\/09\/L-420-3-140x140.png 140w, https:\/\/www.pdparacas.com.pe\/blog\/wp-content\/uploads\/2023\/09\/L-420-3-500x500.png 500w, https:\/\/www.pdparacas.com.pe\/blog\/wp-content\/uploads\/2023\/09\/L-420-3-350x350.png 350w\" sizes=\"(max-width: 800px) 100vw, 800px\" \/><img loading=\"lazy\" class=\"aligncenter size-full wp-image-7272\" src=\"http:\/\/www.pdparacas.com.pe\/blog\/wp-content\/uploads\/2023\/09\/L-420-4.png\" alt=\"\" width=\"800\" height=\"800\" srcset=\"https:\/\/www.pdparacas.com.pe\/blog\/wp-content\/uploads\/2023\/09\/L-420-4.png 800w, https:\/\/www.pdparacas.com.pe\/blog\/wp-content\/uploads\/2023\/09\/L-420-4-300x300.png 300w, https:\/\/www.pdparacas.com.pe\/blog\/wp-content\/uploads\/2023\/09\/L-420-4-150x150.png 150w, https:\/\/www.pdparacas.com.pe\/blog\/wp-content\/uploads\/2023\/09\/L-420-4-768x768.png 768w, https:\/\/www.pdparacas.com.pe\/blog\/wp-content\/uploads\/2023\/09\/L-420-4-100x100.png 100w, https:\/\/www.pdparacas.com.pe\/blog\/wp-content\/uploads\/2023\/09\/L-420-4-140x140.png 140w, https:\/\/www.pdparacas.com.pe\/blog\/wp-content\/uploads\/2023\/09\/L-420-4-500x500.png 500w, https:\/\/www.pdparacas.com.pe\/blog\/wp-content\/uploads\/2023\/09\/L-420-4-350x350.png 350w\" sizes=\"(max-width: 800px) 100vw, 800px\" \/><\/p>\n","protected":false},"excerpt":{"rendered":"<p>GERENTE DE OPERACIONES DEL PUERTO DE PARACAS, CESAR ROJAS, PRUEBA LA LIEBHERR 420, GR\u00daA MOVIL&#8230;<\/p>\n","protected":false},"author":17,"featured_media":7269,"comment_status":"open","ping_status":"open","sticky":false,"template":"","format":"standard","meta":[],"categories":[1],"tags":[],"better_featured_image":{"id":7269,"alt_text":"","caption":"","description":"","media_type":"image","media_details":{"width":800,"height":800,"file":"2023\/09\/L-420-1.png","sizes":{"medium":{"file":"L-420-1-300x300.png","width":300,"height":300,"mime-type":"image\/png","source_url":"https:\/\/www.pdparacas.com.pe\/blog\/wp-content\/uploads\/2023\/09\/L-420-1-300x300.png"},"thumbnail":{"file":"L-420-1-150x150.png","width":150,"height":150,"mime-type":"image\/png","source_url":"https:\/\/www.pdparacas.com.pe\/blog\/wp-content\/uploads\/2023\/09\/L-420-1-150x150.png"},"medium_large":{"file":"L-420-1-768x768.png","width":768,"height":768,"mime-type":"image\/png","source_url":"https:\/\/www.pdparacas.com.pe\/blog\/wp-content\/uploads\/2023\/09\/L-420-1-768x768.png"},"portfolio-thumb":{"file":"L-420-1-600x403.png","width":600,"height":403,"mime-type":"image\/png","source_url":"https:\/\/www.pdparacas.com.pe\/blog\/wp-content\/uploads\/2023\/09\/L-420-1-600x403.png"},"portfolio-thumb_small":{"file":"L-420-1-400x269.png","width":400,"height":269,"mime-type":"image\/png","source_url":"https:\/\/www.pdparacas.com.pe\/blog\/wp-content\/uploads\/2023\/09\/L-420-1-400x269.png"},"portfolio-widget":{"file":"L-420-1-100x100.png","width":100,"height":100,"mime-type":"image\/png","source_url":"https:\/\/www.pdparacas.com.pe\/blog\/wp-content\/uploads\/2023\/09\/L-420-1-100x100.png"},"nectar_small_square":{"file":"L-420-1-140x140.png","width":140,"height":140,"mime-type":"image\/png","source_url":"https:\/\/www.pdparacas.com.pe\/blog\/wp-content\/uploads\/2023\/09\/L-420-1-140x140.png"},"wide":{"file":"L-420-1-800x500.png","width":800,"height":500,"mime-type":"image\/png","source_url":"https:\/\/www.pdparacas.com.pe\/blog\/wp-content\/uploads\/2023\/09\/L-420-1-800x500.png"},"wide_small":{"file":"L-420-1-670x335.png","width":670,"height":335,"mime-type":"image\/png","source_url":"https:\/\/www.pdparacas.com.pe\/blog\/wp-content\/uploads\/2023\/09\/L-420-1-670x335.png"},"regular":{"file":"L-420-1-500x500.png","width":500,"height":500,"mime-type":"image\/png","source_url":"https:\/\/www.pdparacas.com.pe\/blog\/wp-content\/uploads\/2023\/09\/L-420-1-500x500.png"},"regular_small":{"file":"L-420-1-350x350.png","width":350,"height":350,"mime-type":"image\/png","source_url":"https:\/\/www.pdparacas.com.pe\/blog\/wp-content\/uploads\/2023\/09\/L-420-1-350x350.png"},"tall":{"file":"L-420-1-500x800.png","width":500,"height":800,"mime-type":"image\/png","source_url":"https:\/\/www.pdparacas.com.pe\/blog\/wp-content\/uploads\/2023\/09\/L-420-1-500x800.png"},"wide_photography":{"file":"L-420-1-800x600.png","width":800,"height":600,"mime-type":"image\/png","source_url":"https:\/\/www.pdparacas.com.pe\/blog\/wp-content\/uploads\/2023\/09\/L-420-1-800x600.png"},"large_featured":{"file":"L-420-1-800x700.png","width":800,"height":700,"mime-type":"image\/png","source_url":"https:\/\/www.pdparacas.com.pe\/blog\/wp-content\/uploads\/2023\/09\/L-420-1-800x700.png"},"img_post":{"file":"L-420-1-365x250.png","width":365,"height":250,"mime-type":"image\/png","source_url":"https:\/\/www.pdparacas.com.pe\/blog\/wp-content\/uploads\/2023\/09\/L-420-1-365x250.png"}},"image_meta":{"aperture":"0","credit":"","camera":"","caption":"","created_timestamp":"0","copyright":"","focal_length":"0","iso":"0","shutter_speed":"0","title":"","orientation":"0","keywords":[]}},"post":7268,"source_url":"https:\/\/www.pdparacas.com.pe\/blog\/wp-content\/uploads\/2023\/09\/L-420-1.png"},"yoast_head":"<!-- This site is optimized with the Yoast SEO plugin v16.8 - https:\/\/yoast.com\/wordpress\/plugins\/seo\/ -->\n<title>\u25b7 GERENTE DE OPERACIONES DEL PUERTO DE PARACAS, CESAR ROJAS, PRUEBA LA LIEBHERR 420, GR\u00daA MOVIL DE TIERRA QUE SER\u00c1 LA PR\u00d3XIMA INCORPORACI\u00d3N PARA EL PUERTO.<\/title>\n<meta name=\"description\" content=\"\u25b7 Gerente de Operaciones del Puerto de Paracas, Cesar Rojas, prueba la Liebherr 420, gr\u00faa movil de tierra que ser\u00e1 la pr\u00f3xima incorporaci\u00f3n para el puerto. Conoce los detalles en este interesante blog. \u2705\" \/>\n<meta name=\"robots\" content=\"index, follow, max-snippet:-1, max-image-preview:large, max-video-preview:-1\" \/>\n<link rel=\"canonical\" href=\"https:\/\/www.pdparacas.com.pe\/blog\/gerente-de-operaciones-del-puerto-de-paracas-cesar-rojas-prueba-la-liebherr-420-grua-movil-de-tierra-que-sera-la-proxima-incorporacion-para-el-puerto\/\" \/>\n<meta property=\"og:locale\" content=\"es_ES\" \/>\n<meta property=\"og:type\" content=\"article\" \/>\n<meta property=\"og:title\" content=\"\u25b7 GERENTE DE OPERACIONES DEL PUERTO DE PARACAS, CESAR ROJAS, PRUEBA LA LIEBHERR 420, GR\u00daA MOVIL DE TIERRA QUE SER\u00c1 LA PR\u00d3XIMA INCORPORACI\u00d3N PARA EL PUERTO.\" \/>\n<meta property=\"og:description\" content=\"\u25b7 Gerente de Operaciones del Puerto de Paracas, Cesar Rojas, prueba la Liebherr 420, gr\u00faa movil de tierra que ser\u00e1 la pr\u00f3xima incorporaci\u00f3n para el puerto. Conoce los detalles en este interesante blog. \u2705\" \/>\n<meta property=\"og:url\" content=\"https:\/\/www.pdparacas.com.pe\/blog\/gerente-de-operaciones-del-puerto-de-paracas-cesar-rojas-prueba-la-liebherr-420-grua-movil-de-tierra-que-sera-la-proxima-incorporacion-para-el-puerto\/\" \/>\n<meta property=\"og:site_name\" content=\"Puerto de Paracas - Blog\" \/>\n<meta property=\"article:published_time\" content=\"2023-09-04T16:58:33+00:00\" \/>\n<meta property=\"og:image\" content=\"http:\/\/www.pdparacas.com.pe\/blog\/wp-content\/uploads\/2023\/09\/L-420-1.png\" \/>\n\t<meta property=\"og:image:width\" content=\"800\" \/>\n\t<meta property=\"og:image:height\" content=\"800\" \/>\n<meta name=\"twitter:card\" content=\"summary_large_image\" \/>\n<meta name=\"twitter:label1\" content=\"Escrito por\" \/>\n\t<meta name=\"twitter:data1\" content=\"Samuel Reyes\" \/>\n\t<meta name=\"twitter:label2\" content=\"Tiempo de lectura\" \/>\n\t<meta name=\"twitter:data2\" content=\"2 minutos\" \/>\n<script type=\"application\/ld+json\" class=\"yoast-schema-graph\">{\"@context\":\"https:\/\/schema.org\",\"@graph\":[{\"@type\":\"WebSite\",\"@id\":\"https:\/\/www.pdparacas.com.pe\/blog\/#website\",\"url\":\"https:\/\/www.pdparacas.com.pe\/blog\/\",\"name\":\"Puerto de Paracas - Blog\",\"description\":\"\",\"potentialAction\":[{\"@type\":\"SearchAction\",\"target\":{\"@type\":\"EntryPoint\",\"urlTemplate\":\"https:\/\/www.pdparacas.com.pe\/blog\/?s={search_term_string}\"},\"query-input\":\"required name=search_term_string\"}],\"inLanguage\":\"es\"},{\"@type\":\"ImageObject\",\"@id\":\"https:\/\/www.pdparacas.com.pe\/blog\/gerente-de-operaciones-del-puerto-de-paracas-cesar-rojas-prueba-la-liebherr-420-grua-movil-de-tierra-que-sera-la-proxima-incorporacion-para-el-puerto\/#primaryimage\",\"inLanguage\":\"es\",\"url\":\"https:\/\/www.pdparacas.com.pe\/blog\/wp-content\/uploads\/2023\/09\/L-420-1.png\",\"contentUrl\":\"https:\/\/www.pdparacas.com.pe\/blog\/wp-content\/uploads\/2023\/09\/L-420-1.png\",\"width\":800,\"height\":800},{\"@type\":\"WebPage\",\"@id\":\"https:\/\/www.pdparacas.com.pe\/blog\/gerente-de-operaciones-del-puerto-de-paracas-cesar-rojas-prueba-la-liebherr-420-grua-movil-de-tierra-que-sera-la-proxima-incorporacion-para-el-puerto\/#webpage\",\"url\":\"https:\/\/www.pdparacas.com.pe\/blog\/gerente-de-operaciones-del-puerto-de-paracas-cesar-rojas-prueba-la-liebherr-420-grua-movil-de-tierra-que-sera-la-proxima-incorporacion-para-el-puerto\/\",\"name\":\"\\u25b7 GERENTE DE OPERACIONES DEL PUERTO DE PARACAS, CESAR ROJAS, PRUEBA LA LIEBHERR 420, GR\\u00daA MOVIL DE TIERRA QUE SER\\u00c1 LA PR\\u00d3XIMA INCORPORACI\\u00d3N PARA EL PUERTO.\",\"isPartOf\":{\"@id\":\"https:\/\/www.pdparacas.com.pe\/blog\/#website\"},\"primaryImageOfPage\":{\"@id\":\"https:\/\/www.pdparacas.com.pe\/blog\/gerente-de-operaciones-del-puerto-de-paracas-cesar-rojas-prueba-la-liebherr-420-grua-movil-de-tierra-que-sera-la-proxima-incorporacion-para-el-puerto\/#primaryimage\"},\"datePublished\":\"2023-09-04T16:58:33+00:00\",\"dateModified\":\"2023-09-04T16:58:33+00:00\",\"author\":{\"@id\":\"https:\/\/www.pdparacas.com.pe\/blog\/#\/schema\/person\/40f4a1f66107d54c1a25d656e7a6ac7f\"},\"description\":\"\\u25b7 Gerente de Operaciones del Puerto de Paracas, Cesar Rojas, prueba la Liebherr 420, gr\\u00faa movil de tierra que ser\\u00e1 la pr\\u00f3xima incorporaci\\u00f3n para el puerto. Conoce los detalles en este interesante blog. \\u2705\",\"breadcrumb\":{\"@id\":\"https:\/\/www.pdparacas.com.pe\/blog\/gerente-de-operaciones-del-puerto-de-paracas-cesar-rojas-prueba-la-liebherr-420-grua-movil-de-tierra-que-sera-la-proxima-incorporacion-para-el-puerto\/#breadcrumb\"},\"inLanguage\":\"es\",\"potentialAction\":[{\"@type\":\"ReadAction\",\"target\":[\"https:\/\/www.pdparacas.com.pe\/blog\/gerente-de-operaciones-del-puerto-de-paracas-cesar-rojas-prueba-la-liebherr-420-grua-movil-de-tierra-que-sera-la-proxima-incorporacion-para-el-puerto\/\"]}]},{\"@type\":\"BreadcrumbList\",\"@id\":\"https:\/\/www.pdparacas.com.pe\/blog\/gerente-de-operaciones-del-puerto-de-paracas-cesar-rojas-prueba-la-liebherr-420-grua-movil-de-tierra-que-sera-la-proxima-incorporacion-para-el-puerto\/#breadcrumb\",\"itemListElement\":[{\"@type\":\"ListItem\",\"position\":1,\"name\":\"Portada\",\"item\":\"https:\/\/www.pdparacas.com.pe\/blog\/\"},{\"@type\":\"ListItem\",\"position\":2,\"name\":\"GERENTE DE OPERACIONES DEL PUERTO DE PARACAS, CESAR ROJAS, PRUEBA LA LIEBHERR 420, GR\\u00daA MOVIL DE TIERRA QUE SER\\u00c1 LA PR\\u00d3XIMA INCORPORACI\\u00d3N PARA EL PUERTO.\"}]},{\"@type\":\"Person\",\"@id\":\"https:\/\/www.pdparacas.com.pe\/blog\/#\/schema\/person\/40f4a1f66107d54c1a25d656e7a6ac7f\",\"name\":\"Samuel Reyes\",\"image\":{\"@type\":\"ImageObject\",\"@id\":\"https:\/\/www.pdparacas.com.pe\/blog\/#personlogo\",\"inLanguage\":\"es\",\"url\":\"https:\/\/secure.gravatar.com\/avatar\/40a2c27a4520da1b7f58e63ff303a47b?s=96&d=mm&r=g\",\"contentUrl\":\"https:\/\/secure.gravatar.com\/avatar\/40a2c27a4520da1b7f58e63ff303a47b?s=96&d=mm&r=g\",\"caption\":\"Samuel Reyes\"},\"url\":\"https:\/\/www.pdparacas.com.pe\/blog\/author\/s-reyespdparacas-com-pe\/\"}]}<\/script>\n<!-- \/ Yoast SEO plugin. -->","yoast_head_json":{"title":"\u25b7 GERENTE DE OPERACIONES DEL PUERTO DE PARACAS, CESAR ROJAS, PRUEBA LA LIEBHERR 420, GR\u00daA MOVIL DE TIERRA QUE SER\u00c1 LA PR\u00d3XIMA INCORPORACI\u00d3N PARA EL PUERTO.","description":"\u25b7 Gerente de Operaciones del Puerto de Paracas, Cesar Rojas, prueba la Liebherr 420, gr\u00faa movil de tierra que ser\u00e1 la pr\u00f3xima incorporaci\u00f3n para el puerto. Conoce los detalles en este interesante blog. \u2705","robots":{"index":"index","follow":"follow","max-snippet":"max-snippet:-1","max-image-preview":"max-image-preview:large","max-video-preview":"max-video-preview:-1"},"canonical":"https:\/\/www.pdparacas.com.pe\/blog\/gerente-de-operaciones-del-puerto-de-paracas-cesar-rojas-prueba-la-liebherr-420-grua-movil-de-tierra-que-sera-la-proxima-incorporacion-para-el-puerto\/","og_locale":"es_ES","og_type":"article","og_title":"\u25b7 GERENTE DE OPERACIONES DEL PUERTO DE PARACAS, CESAR ROJAS, PRUEBA LA LIEBHERR 420, GR\u00daA MOVIL DE TIERRA QUE SER\u00c1 LA PR\u00d3XIMA INCORPORACI\u00d3N PARA EL PUERTO.","og_description":"\u25b7 Gerente de Operaciones del Puerto de Paracas, Cesar Rojas, prueba la Liebherr 420, gr\u00faa movil de tierra que ser\u00e1 la pr\u00f3xima incorporaci\u00f3n para el puerto. Conoce los detalles en este interesante blog. \u2705","og_url":"https:\/\/www.pdparacas.com.pe\/blog\/gerente-de-operaciones-del-puerto-de-paracas-cesar-rojas-prueba-la-liebherr-420-grua-movil-de-tierra-que-sera-la-proxima-incorporacion-para-el-puerto\/","og_site_name":"Puerto de Paracas - Blog","article_published_time":"2023-09-04T16:58:33+00:00","og_image":[{"width":800,"height":800,"url":"http:\/\/www.pdparacas.com.pe\/blog\/wp-content\/uploads\/2023\/09\/L-420-1.png","path":"\/usr\/share\/nginx\/html\/wp_pdparacas\/blog\/wp-content\/uploads\/2023\/09\/L-420-1.png","size":"full","id":7269,"alt":"","pixels":640000,"type":"image\/png"}],"twitter_card":"summary_large_image","twitter_misc":{"Escrito por":"Samuel Reyes","Tiempo de lectura":"2 minutos"},"schema":{"@context":"https:\/\/schema.org","@graph":[{"@type":"WebSite","@id":"https:\/\/www.pdparacas.com.pe\/blog\/#website","url":"https:\/\/www.pdparacas.com.pe\/blog\/","name":"Puerto de Paracas - Blog","description":"","potentialAction":[{"@type":"SearchAction","target":{"@type":"EntryPoint","urlTemplate":"https:\/\/www.pdparacas.com.pe\/blog\/?s={search_term_string}"},"query-input":"required name=search_term_string"}],"inLanguage":"es"},{"@type":"ImageObject","@id":"https:\/\/www.pdparacas.com.pe\/blog\/gerente-de-operaciones-del-puerto-de-paracas-cesar-rojas-prueba-la-liebherr-420-grua-movil-de-tierra-que-sera-la-proxima-incorporacion-para-el-puerto\/#primaryimage","inLanguage":"es","url":"https:\/\/www.pdparacas.com.pe\/blog\/wp-content\/uploads\/2023\/09\/L-420-1.png","contentUrl":"https:\/\/www.pdparacas.com.pe\/blog\/wp-content\/uploads\/2023\/09\/L-420-1.png","width":800,"height":800},{"@type":"WebPage","@id":"https:\/\/www.pdparacas.com.pe\/blog\/gerente-de-operaciones-del-puerto-de-paracas-cesar-rojas-prueba-la-liebherr-420-grua-movil-de-tierra-que-sera-la-proxima-incorporacion-para-el-puerto\/#webpage","url":"https:\/\/www.pdparacas.com.pe\/blog\/gerente-de-operaciones-del-puerto-de-paracas-cesar-rojas-prueba-la-liebherr-420-grua-movil-de-tierra-que-sera-la-proxima-incorporacion-para-el-puerto\/","name":"\u25b7 GERENTE DE OPERACIONES DEL PUERTO DE PARACAS, CESAR ROJAS, PRUEBA LA LIEBHERR 420, GR\u00daA MOVIL DE TIERRA QUE SER\u00c1 LA PR\u00d3XIMA INCORPORACI\u00d3N PARA EL PUERTO.","isPartOf":{"@id":"https:\/\/www.pdparacas.com.pe\/blog\/#website"},"primaryImageOfPage":{"@id":"https:\/\/www.pdparacas.com.pe\/blog\/gerente-de-operaciones-del-puerto-de-paracas-cesar-rojas-prueba-la-liebherr-420-grua-movil-de-tierra-que-sera-la-proxima-incorporacion-para-el-puerto\/#primaryimage"},"datePublished":"2023-09-04T16:58:33+00:00","dateModified":"2023-09-04T16:58:33+00:00","author":{"@id":"https:\/\/www.pdparacas.com.pe\/blog\/#\/schema\/person\/40f4a1f66107d54c1a25d656e7a6ac7f"},"description":"\u25b7 Gerente de Operaciones del Puerto de Paracas, Cesar Rojas, prueba la Liebherr 420, gr\u00faa movil de tierra que ser\u00e1 la pr\u00f3xima incorporaci\u00f3n para el puerto. Conoce los detalles en este interesante blog. \u2705","breadcrumb":{"@id":"https:\/\/www.pdparacas.com.pe\/blog\/gerente-de-operaciones-del-puerto-de-paracas-cesar-rojas-prueba-la-liebherr-420-grua-movil-de-tierra-que-sera-la-proxima-incorporacion-para-el-puerto\/#breadcrumb"},"inLanguage":"es","potentialAction":[{"@type":"ReadAction","target":["https:\/\/www.pdparacas.com.pe\/blog\/gerente-de-operaciones-del-puerto-de-paracas-cesar-rojas-prueba-la-liebherr-420-grua-movil-de-tierra-que-sera-la-proxima-incorporacion-para-el-puerto\/"]}]},{"@type":"BreadcrumbList","@id":"https:\/\/www.pdparacas.com.pe\/blog\/gerente-de-operaciones-del-puerto-de-paracas-cesar-rojas-prueba-la-liebherr-420-grua-movil-de-tierra-que-sera-la-proxima-incorporacion-para-el-puerto\/#breadcrumb","itemListElement":[{"@type":"ListItem","position":1,"name":"Portada","item":"https:\/\/www.pdparacas.com.pe\/blog\/"},{"@type":"ListItem","position":2,"name":"GERENTE DE OPERACIONES DEL PUERTO DE PARACAS, CESAR ROJAS, PRUEBA LA LIEBHERR 420, GR\u00daA MOVIL DE TIERRA QUE SER\u00c1 LA PR\u00d3XIMA INCORPORACI\u00d3N PARA EL PUERTO."}]},{"@type":"Person","@id":"https:\/\/www.pdparacas.com.pe\/blog\/#\/schema\/person\/40f4a1f66107d54c1a25d656e7a6ac7f","name":"Samuel Reyes","image":{"@type":"ImageObject","@id":"https:\/\/www.pdparacas.com.pe\/blog\/#personlogo","inLanguage":"es","url":"https:\/\/secure.gravatar.com\/avatar\/40a2c27a4520da1b7f58e63ff303a47b?s=96&d=mm&r=g","contentUrl":"https:\/\/secure.gravatar.com\/avatar\/40a2c27a4520da1b7f58e63ff303a47b?s=96&d=mm&r=g","caption":"Samuel Reyes"},"url":"https:\/\/www.pdparacas.com.pe\/blog\/author\/s-reyespdparacas-com-pe\/"}]}},"_links":{"self":[{"href":"https:\/\/www.pdparacas.com.pe\/blog\/wp-json\/wp\/v2\/posts\/7268"}],"collection":[{"href":"https:\/\/www.pdparacas.com.pe\/blog\/wp-json\/wp\/v2\/posts"}],"about":[{"href":"https:\/\/www.pdparacas.com.pe\/blog\/wp-json\/wp\/v2\/types\/post"}],"author":[{"embeddable":true,"href":"https:\/\/www.pdparacas.com.pe\/blog\/wp-json\/wp\/v2\/users\/17"}],"replies":[{"embeddable":true,"href":"https:\/\/www.pdparacas.com.pe\/blog\/wp-json\/wp\/v2\/comments?post=7268"}],"version-history":[{"count":1,"href":"https:\/\/www.pdparacas.com.pe\/blog\/wp-json\/wp\/v2\/posts\/7268\/revisions"}],"predecessor-version":[{"id":7273,"href":"https:\/\/www.pdparacas.com.pe\/blog\/wp-json\/wp\/v2\/posts\/7268\/revisions\/7273"}],"wp:featuredmedia":[{"embeddable":true,"href":"https:\/\/www.pdparacas.com.pe\/blog\/wp-json\/wp\/v2\/media\/7269"}],"wp:attachment":[{"href":"https:\/\/www.pdparacas.com.pe\/blog\/wp-json\/wp\/v2\/media?parent=7268"}],"wp:term":[{"taxonomy":"category","embeddable":true,"href":"https:\/\/www.pdparacas.com.pe\/blog\/wp-json\/wp\/v2\/categories?post=7268"},{"taxonomy":"post_tag","embeddable":true,"href":"https:\/\/www.pdparacas.com.pe\/blog\/wp-json\/wp\/v2\/tags?post=7268"}],"curies":[{"name":"wp","href":"https:\/\/api.w.org\/{rel}","templated":true}]}}