{"id":7221,"date":"2023-09-04T16:02:54","date_gmt":"2023-09-04T16:02:54","guid":{"rendered":"https:\/\/www.pdparacas.com.pe\/blog\/?p=7221"},"modified":"2023-09-04T16:02:54","modified_gmt":"2023-09-04T16:02:54","slug":"el-puerto-de-paracas-estuvo-presente-en-el-1er-congreso-internacional-de-la-uva-de-mesa-organizado-por-provid-peru-en-ica","status":"publish","type":"post","link":"https:\/\/www.pdparacas.com.pe\/blog\/el-puerto-de-paracas-estuvo-presente-en-el-1er-congreso-internacional-de-la-uva-de-mesa-organizado-por-provid-peru-en-ica\/","title":{"rendered":"EL PUERTO DE PARACAS ESTUVO PRESENTE EN EL 1er CONGRESO INTERNACIONAL DE LA UVA DE MESA, ORGANIZADO POR PROVID PER\u00da EN ICA."},"content":{"rendered":"<p><strong>EL PUERTO DE PARACAS ESTUVO PRESENTE EN EL 1er CONGRESO INTERNACIONAL DE LA UVA DE MESA, ORGANIZADO POR PROVID PER\u00da EN ICA.<\/strong><\/p>\n<p><strong>24 de agosto del 2023.<\/strong><\/p>\n<p>Nuestro equipo estuvo presente en el 1er Congreso Internacional de Uva de Mesa ?organizado por PROVID Per\u00fa en #Ica. Conectamos con clientes potenciales y actuales, quienes reconocieron en #PuertoDeParacas ?\ufe0f infraestructura #log\u00edstica estrat\u00e9gica para la #agroindustria especialmente del sur del pa\u00eds.<\/p>\n<p>Evaluamos junto a ellos potenciales oportunidades que contribuyan a seguir fortaleciendo la competitividad de su sector a trav\u00e9s de una operaci\u00f3n portuaria moderna, sostenible y de calidad mundial. ?<\/p>\n<p>#provid #puertodeparacas #congresoprovid<\/p>\n<p>&#8212;&#8212;&#8212;-<\/p>\n<p>Our team was present at the 1st International Table Grape ? Congress organized by PROVID Peru in #Ica. We connected with potential and current clients, who acknowledged in #PuertoDeParacas ?\ufe0f a strategic #logistics infrastructure for the agro-industry, especially in the southern region of the country.<\/p>\n<p>We assessed potential opportunities alongside them that contribute to further enhancing the competitiveness of their sector through a modern, sustainable, and world-class port operation. ?<\/p>\n<p>#provid #puertodeparacas #congresoprovid<\/p>\n<p>&nbsp;<\/p>\n<p><img loading=\"lazy\" class=\"aligncenter size-large wp-image-7222\" src=\"http:\/\/www.pdparacas.com.pe\/blog\/wp-content\/uploads\/2023\/09\/STAND-AGOSTO-0-1024x683.png\" alt=\"\" width=\"1024\" height=\"683\" srcset=\"https:\/\/www.pdparacas.com.pe\/blog\/wp-content\/uploads\/2023\/09\/STAND-AGOSTO-0-1024x683.png 1024w, https:\/\/www.pdparacas.com.pe\/blog\/wp-content\/uploads\/2023\/09\/STAND-AGOSTO-0-300x200.png 300w, https:\/\/www.pdparacas.com.pe\/blog\/wp-content\/uploads\/2023\/09\/STAND-AGOSTO-0-768x512.png 768w, https:\/\/www.pdparacas.com.pe\/blog\/wp-content\/uploads\/2023\/09\/STAND-AGOSTO-0-1536x1024.png 1536w, https:\/\/www.pdparacas.com.pe\/blog\/wp-content\/uploads\/2023\/09\/STAND-AGOSTO-0-900x600.png 900w, https:\/\/www.pdparacas.com.pe\/blog\/wp-content\/uploads\/2023\/09\/STAND-AGOSTO-0.png 1620w\" sizes=\"(max-width: 1024px) 100vw, 1024px\" \/><img loading=\"lazy\" class=\"aligncenter size-large wp-image-7223\" src=\"http:\/\/www.pdparacas.com.pe\/blog\/wp-content\/uploads\/2023\/09\/STAND-AGOSTO-1-1024x683.png\" alt=\"\" width=\"1024\" height=\"683\" srcset=\"https:\/\/www.pdparacas.com.pe\/blog\/wp-content\/uploads\/2023\/09\/STAND-AGOSTO-1-1024x683.png 1024w, https:\/\/www.pdparacas.com.pe\/blog\/wp-content\/uploads\/2023\/09\/STAND-AGOSTO-1-300x200.png 300w, https:\/\/www.pdparacas.com.pe\/blog\/wp-content\/uploads\/2023\/09\/STAND-AGOSTO-1-768x512.png 768w, https:\/\/www.pdparacas.com.pe\/blog\/wp-content\/uploads\/2023\/09\/STAND-AGOSTO-1-1536x1024.png 1536w, https:\/\/www.pdparacas.com.pe\/blog\/wp-content\/uploads\/2023\/09\/STAND-AGOSTO-1-900x600.png 900w, https:\/\/www.pdparacas.com.pe\/blog\/wp-content\/uploads\/2023\/09\/STAND-AGOSTO-1.png 1620w\" sizes=\"(max-width: 1024px) 100vw, 1024px\" \/><img loading=\"lazy\" class=\"aligncenter size-large wp-image-7224\" src=\"http:\/\/www.pdparacas.com.pe\/blog\/wp-content\/uploads\/2023\/09\/STAND-AGOSTO-2-1024x683.png\" alt=\"\" width=\"1024\" height=\"683\" srcset=\"https:\/\/www.pdparacas.com.pe\/blog\/wp-content\/uploads\/2023\/09\/STAND-AGOSTO-2-1024x683.png 1024w, https:\/\/www.pdparacas.com.pe\/blog\/wp-content\/uploads\/2023\/09\/STAND-AGOSTO-2-300x200.png 300w, https:\/\/www.pdparacas.com.pe\/blog\/wp-content\/uploads\/2023\/09\/STAND-AGOSTO-2-768x512.png 768w, https:\/\/www.pdparacas.com.pe\/blog\/wp-content\/uploads\/2023\/09\/STAND-AGOSTO-2-1536x1024.png 1536w, https:\/\/www.pdparacas.com.pe\/blog\/wp-content\/uploads\/2023\/09\/STAND-AGOSTO-2-900x600.png 900w, https:\/\/www.pdparacas.com.pe\/blog\/wp-content\/uploads\/2023\/09\/STAND-AGOSTO-2.png 1620w\" sizes=\"(max-width: 1024px) 100vw, 1024px\" \/><img loading=\"lazy\" class=\"aligncenter size-large wp-image-7225\" src=\"http:\/\/www.pdparacas.com.pe\/blog\/wp-content\/uploads\/2023\/09\/STAND-AGOSTO-3.png\" alt=\"\" width=\"800\" height=\"800\" srcset=\"https:\/\/www.pdparacas.com.pe\/blog\/wp-content\/uploads\/2023\/09\/STAND-AGOSTO-3.png 800w, https:\/\/www.pdparacas.com.pe\/blog\/wp-content\/uploads\/2023\/09\/STAND-AGOSTO-3-300x300.png 300w, https:\/\/www.pdparacas.com.pe\/blog\/wp-content\/uploads\/2023\/09\/STAND-AGOSTO-3-150x150.png 150w, https:\/\/www.pdparacas.com.pe\/blog\/wp-content\/uploads\/2023\/09\/STAND-AGOSTO-3-768x768.png 768w, https:\/\/www.pdparacas.com.pe\/blog\/wp-content\/uploads\/2023\/09\/STAND-AGOSTO-3-100x100.png 100w, https:\/\/www.pdparacas.com.pe\/blog\/wp-content\/uploads\/2023\/09\/STAND-AGOSTO-3-140x140.png 140w, https:\/\/www.pdparacas.com.pe\/blog\/wp-content\/uploads\/2023\/09\/STAND-AGOSTO-3-500x500.png 500w, https:\/\/www.pdparacas.com.pe\/blog\/wp-content\/uploads\/2023\/09\/STAND-AGOSTO-3-350x350.png 350w\" sizes=\"(max-width: 800px) 100vw, 800px\" \/><img loading=\"lazy\" class=\"aligncenter size-large wp-image-7226\" src=\"http:\/\/www.pdparacas.com.pe\/blog\/wp-content\/uploads\/2023\/09\/STAND-AGOSTO-4.png\" alt=\"\" width=\"800\" height=\"800\" srcset=\"https:\/\/www.pdparacas.com.pe\/blog\/wp-content\/uploads\/2023\/09\/STAND-AGOSTO-4.png 800w, https:\/\/www.pdparacas.com.pe\/blog\/wp-content\/uploads\/2023\/09\/STAND-AGOSTO-4-300x300.png 300w, https:\/\/www.pdparacas.com.pe\/blog\/wp-content\/uploads\/2023\/09\/STAND-AGOSTO-4-150x150.png 150w, https:\/\/www.pdparacas.com.pe\/blog\/wp-content\/uploads\/2023\/09\/STAND-AGOSTO-4-768x768.png 768w, https:\/\/www.pdparacas.com.pe\/blog\/wp-content\/uploads\/2023\/09\/STAND-AGOSTO-4-100x100.png 100w, https:\/\/www.pdparacas.com.pe\/blog\/wp-content\/uploads\/2023\/09\/STAND-AGOSTO-4-140x140.png 140w, https:\/\/www.pdparacas.com.pe\/blog\/wp-content\/uploads\/2023\/09\/STAND-AGOSTO-4-500x500.png 500w, https:\/\/www.pdparacas.com.pe\/blog\/wp-content\/uploads\/2023\/09\/STAND-AGOSTO-4-350x350.png 350w\" sizes=\"(max-width: 800px) 100vw, 800px\" \/><img loading=\"lazy\" class=\"aligncenter size-large wp-image-7227\" src=\"http:\/\/www.pdparacas.com.pe\/blog\/wp-content\/uploads\/2023\/09\/STAND-AGOSTO-5-1024x683.png\" alt=\"\" width=\"1024\" height=\"683\" srcset=\"https:\/\/www.pdparacas.com.pe\/blog\/wp-content\/uploads\/2023\/09\/STAND-AGOSTO-5-1024x683.png 1024w, https:\/\/www.pdparacas.com.pe\/blog\/wp-content\/uploads\/2023\/09\/STAND-AGOSTO-5-300x200.png 300w, https:\/\/www.pdparacas.com.pe\/blog\/wp-content\/uploads\/2023\/09\/STAND-AGOSTO-5-768x512.png 768w, https:\/\/www.pdparacas.com.pe\/blog\/wp-content\/uploads\/2023\/09\/STAND-AGOSTO-5-1536x1024.png 1536w, https:\/\/www.pdparacas.com.pe\/blog\/wp-content\/uploads\/2023\/09\/STAND-AGOSTO-5-900x600.png 900w, https:\/\/www.pdparacas.com.pe\/blog\/wp-content\/uploads\/2023\/09\/STAND-AGOSTO-5.png 1620w\" sizes=\"(max-width: 1024px) 100vw, 1024px\" \/><\/p>\n","protected":false},"excerpt":{"rendered":"<p>EL PUERTO DE PARACAS ESTUVO PRESENTE EN EL 1er CONGRESO INTERNACIONAL DE LA UVA DE&#8230;<\/p>\n","protected":false},"author":17,"featured_media":7222,"comment_status":"open","ping_status":"open","sticky":false,"template":"","format":"standard","meta":[],"categories":[1],"tags":[],"better_featured_image":{"id":7222,"alt_text":"","caption":"","description":"","media_type":"image","media_details":{"width":1620,"height":1080,"file":"2023\/09\/STAND-AGOSTO-0.png","sizes":{"medium":{"file":"STAND-AGOSTO-0-300x200.png","width":300,"height":200,"mime-type":"image\/png","source_url":"https:\/\/www.pdparacas.com.pe\/blog\/wp-content\/uploads\/2023\/09\/STAND-AGOSTO-0-300x200.png"},"large":{"file":"STAND-AGOSTO-0-1024x683.png","width":1024,"height":683,"mime-type":"image\/png","source_url":"https:\/\/www.pdparacas.com.pe\/blog\/wp-content\/uploads\/2023\/09\/STAND-AGOSTO-0-1024x683.png"},"thumbnail":{"file":"STAND-AGOSTO-0-150x150.png","width":150,"height":150,"mime-type":"image\/png","source_url":"https:\/\/www.pdparacas.com.pe\/blog\/wp-content\/uploads\/2023\/09\/STAND-AGOSTO-0-150x150.png"},"medium_large":{"file":"STAND-AGOSTO-0-768x512.png","width":768,"height":512,"mime-type":"image\/png","source_url":"https:\/\/www.pdparacas.com.pe\/blog\/wp-content\/uploads\/2023\/09\/STAND-AGOSTO-0-768x512.png"},"1536x1536":{"file":"STAND-AGOSTO-0-1536x1024.png","width":1536,"height":1024,"mime-type":"image\/png","source_url":"https:\/\/www.pdparacas.com.pe\/blog\/wp-content\/uploads\/2023\/09\/STAND-AGOSTO-0-1536x1024.png"},"portfolio-thumb":{"file":"STAND-AGOSTO-0-600x403.png","width":600,"height":403,"mime-type":"image\/png","source_url":"https:\/\/www.pdparacas.com.pe\/blog\/wp-content\/uploads\/2023\/09\/STAND-AGOSTO-0-600x403.png"},"portfolio-thumb_small":{"file":"STAND-AGOSTO-0-400x269.png","width":400,"height":269,"mime-type":"image\/png","source_url":"https:\/\/www.pdparacas.com.pe\/blog\/wp-content\/uploads\/2023\/09\/STAND-AGOSTO-0-400x269.png"},"portfolio-widget":{"file":"STAND-AGOSTO-0-100x100.png","width":100,"height":100,"mime-type":"image\/png","source_url":"https:\/\/www.pdparacas.com.pe\/blog\/wp-content\/uploads\/2023\/09\/STAND-AGOSTO-0-100x100.png"},"nectar_small_square":{"file":"STAND-AGOSTO-0-140x140.png","width":140,"height":140,"mime-type":"image\/png","source_url":"https:\/\/www.pdparacas.com.pe\/blog\/wp-content\/uploads\/2023\/09\/STAND-AGOSTO-0-140x140.png"},"wide":{"file":"STAND-AGOSTO-0-1000x500.png","width":1000,"height":500,"mime-type":"image\/png","source_url":"https:\/\/www.pdparacas.com.pe\/blog\/wp-content\/uploads\/2023\/09\/STAND-AGOSTO-0-1000x500.png"},"wide_small":{"file":"STAND-AGOSTO-0-670x335.png","width":670,"height":335,"mime-type":"image\/png","source_url":"https:\/\/www.pdparacas.com.pe\/blog\/wp-content\/uploads\/2023\/09\/STAND-AGOSTO-0-670x335.png"},"regular":{"file":"STAND-AGOSTO-0-500x500.png","width":500,"height":500,"mime-type":"image\/png","source_url":"https:\/\/www.pdparacas.com.pe\/blog\/wp-content\/uploads\/2023\/09\/STAND-AGOSTO-0-500x500.png"},"regular_small":{"file":"STAND-AGOSTO-0-350x350.png","width":350,"height":350,"mime-type":"image\/png","source_url":"https:\/\/www.pdparacas.com.pe\/blog\/wp-content\/uploads\/2023\/09\/STAND-AGOSTO-0-350x350.png"},"tall":{"file":"STAND-AGOSTO-0-500x1000.png","width":500,"height":1000,"mime-type":"image\/png","source_url":"https:\/\/www.pdparacas.com.pe\/blog\/wp-content\/uploads\/2023\/09\/STAND-AGOSTO-0-500x1000.png"},"wide_tall":{"file":"STAND-AGOSTO-0-1000x1000.png","width":1000,"height":1000,"mime-type":"image\/png","source_url":"https:\/\/www.pdparacas.com.pe\/blog\/wp-content\/uploads\/2023\/09\/STAND-AGOSTO-0-1000x1000.png"},"wide_photography":{"file":"STAND-AGOSTO-0-900x600.png","width":900,"height":600,"mime-type":"image\/png","source_url":"https:\/\/www.pdparacas.com.pe\/blog\/wp-content\/uploads\/2023\/09\/STAND-AGOSTO-0-900x600.png"},"large_featured":{"file":"STAND-AGOSTO-0-1620x700.png","width":1620,"height":700,"mime-type":"image\/png","source_url":"https:\/\/www.pdparacas.com.pe\/blog\/wp-content\/uploads\/2023\/09\/STAND-AGOSTO-0-1620x700.png"},"medium_featured":{"file":"STAND-AGOSTO-0-800x800.png","width":800,"height":800,"mime-type":"image\/png","source_url":"https:\/\/www.pdparacas.com.pe\/blog\/wp-content\/uploads\/2023\/09\/STAND-AGOSTO-0-800x800.png"},"img_post":{"file":"STAND-AGOSTO-0-365x250.png","width":365,"height":250,"mime-type":"image\/png","source_url":"https:\/\/www.pdparacas.com.pe\/blog\/wp-content\/uploads\/2023\/09\/STAND-AGOSTO-0-365x250.png"}},"image_meta":{"aperture":"0","credit":"","camera":"","caption":"","created_timestamp":"0","copyright":"","focal_length":"0","iso":"0","shutter_speed":"0","title":"","orientation":"0","keywords":[]}},"post":7221,"source_url":"https:\/\/www.pdparacas.com.pe\/blog\/wp-content\/uploads\/2023\/09\/STAND-AGOSTO-0.png"},"yoast_head":"<!-- This site is optimized with the Yoast SEO plugin v16.8 - https:\/\/yoast.com\/wordpress\/plugins\/seo\/ -->\n<title>\u25b7 EL PUERTO DE PARACAS ESTUVO PRESENTE EN EL 1er CONGRESO INTERNACIONAL DE LA UVA DE MESA, ORGANIZADO POR PROVID PER\u00da EN ICA.<\/title>\n<meta name=\"description\" content=\"\u25b7 El Puerto de Paracas estuvo presente en el 1er Congreso Internacional de la Uva de Mesa, organizado por PROVID Per\u00fa en Ica. Conoce los detalles en este interesante blog. \u2705\" \/>\n<meta name=\"robots\" content=\"index, follow, max-snippet:-1, max-image-preview:large, max-video-preview:-1\" \/>\n<link rel=\"canonical\" href=\"https:\/\/www.pdparacas.com.pe\/blog\/el-puerto-de-paracas-estuvo-presente-en-el-1er-congreso-internacional-de-la-uva-de-mesa-organizado-por-provid-peru-en-ica\/\" \/>\n<meta property=\"og:locale\" content=\"es_ES\" \/>\n<meta property=\"og:type\" content=\"article\" \/>\n<meta property=\"og:title\" content=\"\u25b7 EL PUERTO DE PARACAS ESTUVO PRESENTE EN EL 1er CONGRESO INTERNACIONAL DE LA UVA DE MESA, ORGANIZADO POR PROVID PER\u00da EN ICA.\" \/>\n<meta property=\"og:description\" content=\"\u25b7 El Puerto de Paracas estuvo presente en el 1er Congreso Internacional de la Uva de Mesa, organizado por PROVID Per\u00fa en Ica. Conoce los detalles en este interesante blog. \u2705\" \/>\n<meta property=\"og:url\" content=\"https:\/\/www.pdparacas.com.pe\/blog\/el-puerto-de-paracas-estuvo-presente-en-el-1er-congreso-internacional-de-la-uva-de-mesa-organizado-por-provid-peru-en-ica\/\" \/>\n<meta property=\"og:site_name\" content=\"Puerto de Paracas - Blog\" \/>\n<meta property=\"article:published_time\" content=\"2023-09-04T16:02:54+00:00\" \/>\n<meta property=\"og:image\" content=\"http:\/\/www.pdparacas.com.pe\/blog\/wp-content\/uploads\/2023\/09\/STAND-AGOSTO-0-1024x683.png\" \/>\n\t<meta property=\"og:image:width\" content=\"1024\" \/>\n\t<meta property=\"og:image:height\" content=\"683\" \/>\n<meta name=\"twitter:card\" content=\"summary_large_image\" \/>\n<meta name=\"twitter:label1\" content=\"Escrito por\" \/>\n\t<meta name=\"twitter:data1\" content=\"Samuel Reyes\" \/>\n\t<meta name=\"twitter:label2\" content=\"Tiempo de lectura\" \/>\n\t<meta name=\"twitter:data2\" content=\"2 minutos\" \/>\n<script type=\"application\/ld+json\" class=\"yoast-schema-graph\">{\"@context\":\"https:\/\/schema.org\",\"@graph\":[{\"@type\":\"WebSite\",\"@id\":\"https:\/\/www.pdparacas.com.pe\/blog\/#website\",\"url\":\"https:\/\/www.pdparacas.com.pe\/blog\/\",\"name\":\"Puerto de Paracas - Blog\",\"description\":\"\",\"potentialAction\":[{\"@type\":\"SearchAction\",\"target\":{\"@type\":\"EntryPoint\",\"urlTemplate\":\"https:\/\/www.pdparacas.com.pe\/blog\/?s={search_term_string}\"},\"query-input\":\"required name=search_term_string\"}],\"inLanguage\":\"es\"},{\"@type\":\"ImageObject\",\"@id\":\"https:\/\/www.pdparacas.com.pe\/blog\/el-puerto-de-paracas-estuvo-presente-en-el-1er-congreso-internacional-de-la-uva-de-mesa-organizado-por-provid-peru-en-ica\/#primaryimage\",\"inLanguage\":\"es\",\"url\":\"https:\/\/www.pdparacas.com.pe\/blog\/wp-content\/uploads\/2023\/09\/STAND-AGOSTO-0.png\",\"contentUrl\":\"https:\/\/www.pdparacas.com.pe\/blog\/wp-content\/uploads\/2023\/09\/STAND-AGOSTO-0.png\",\"width\":1620,\"height\":1080},{\"@type\":\"WebPage\",\"@id\":\"https:\/\/www.pdparacas.com.pe\/blog\/el-puerto-de-paracas-estuvo-presente-en-el-1er-congreso-internacional-de-la-uva-de-mesa-organizado-por-provid-peru-en-ica\/#webpage\",\"url\":\"https:\/\/www.pdparacas.com.pe\/blog\/el-puerto-de-paracas-estuvo-presente-en-el-1er-congreso-internacional-de-la-uva-de-mesa-organizado-por-provid-peru-en-ica\/\",\"name\":\"\\u25b7 EL PUERTO DE PARACAS ESTUVO PRESENTE EN EL 1er CONGRESO INTERNACIONAL DE LA UVA DE MESA, ORGANIZADO POR PROVID PER\\u00da EN ICA.\",\"isPartOf\":{\"@id\":\"https:\/\/www.pdparacas.com.pe\/blog\/#website\"},\"primaryImageOfPage\":{\"@id\":\"https:\/\/www.pdparacas.com.pe\/blog\/el-puerto-de-paracas-estuvo-presente-en-el-1er-congreso-internacional-de-la-uva-de-mesa-organizado-por-provid-peru-en-ica\/#primaryimage\"},\"datePublished\":\"2023-09-04T16:02:54+00:00\",\"dateModified\":\"2023-09-04T16:02:54+00:00\",\"author\":{\"@id\":\"https:\/\/www.pdparacas.com.pe\/blog\/#\/schema\/person\/40f4a1f66107d54c1a25d656e7a6ac7f\"},\"description\":\"\\u25b7 El Puerto de Paracas estuvo presente en el 1er Congreso Internacional de la Uva de Mesa, organizado por PROVID Per\\u00fa en Ica. Conoce los detalles en este interesante blog. \\u2705\",\"breadcrumb\":{\"@id\":\"https:\/\/www.pdparacas.com.pe\/blog\/el-puerto-de-paracas-estuvo-presente-en-el-1er-congreso-internacional-de-la-uva-de-mesa-organizado-por-provid-peru-en-ica\/#breadcrumb\"},\"inLanguage\":\"es\",\"potentialAction\":[{\"@type\":\"ReadAction\",\"target\":[\"https:\/\/www.pdparacas.com.pe\/blog\/el-puerto-de-paracas-estuvo-presente-en-el-1er-congreso-internacional-de-la-uva-de-mesa-organizado-por-provid-peru-en-ica\/\"]}]},{\"@type\":\"BreadcrumbList\",\"@id\":\"https:\/\/www.pdparacas.com.pe\/blog\/el-puerto-de-paracas-estuvo-presente-en-el-1er-congreso-internacional-de-la-uva-de-mesa-organizado-por-provid-peru-en-ica\/#breadcrumb\",\"itemListElement\":[{\"@type\":\"ListItem\",\"position\":1,\"name\":\"Portada\",\"item\":\"https:\/\/www.pdparacas.com.pe\/blog\/\"},{\"@type\":\"ListItem\",\"position\":2,\"name\":\"EL PUERTO DE PARACAS ESTUVO PRESENTE EN EL 1er CONGRESO INTERNACIONAL DE LA UVA DE MESA, ORGANIZADO POR PROVID PER\\u00da EN ICA.\"}]},{\"@type\":\"Person\",\"@id\":\"https:\/\/www.pdparacas.com.pe\/blog\/#\/schema\/person\/40f4a1f66107d54c1a25d656e7a6ac7f\",\"name\":\"Samuel Reyes\",\"image\":{\"@type\":\"ImageObject\",\"@id\":\"https:\/\/www.pdparacas.com.pe\/blog\/#personlogo\",\"inLanguage\":\"es\",\"url\":\"https:\/\/secure.gravatar.com\/avatar\/40a2c27a4520da1b7f58e63ff303a47b?s=96&d=mm&r=g\",\"contentUrl\":\"https:\/\/secure.gravatar.com\/avatar\/40a2c27a4520da1b7f58e63ff303a47b?s=96&d=mm&r=g\",\"caption\":\"Samuel Reyes\"},\"url\":\"https:\/\/www.pdparacas.com.pe\/blog\/author\/s-reyespdparacas-com-pe\/\"}]}<\/script>\n<!-- \/ Yoast SEO plugin. -->","yoast_head_json":{"title":"\u25b7 EL PUERTO DE PARACAS ESTUVO PRESENTE EN EL 1er CONGRESO INTERNACIONAL DE LA UVA DE MESA, ORGANIZADO POR PROVID PER\u00da EN ICA.","description":"\u25b7 El Puerto de Paracas estuvo presente en el 1er Congreso Internacional de la Uva de Mesa, organizado por PROVID Per\u00fa en Ica. Conoce los detalles en este interesante blog. \u2705","robots":{"index":"index","follow":"follow","max-snippet":"max-snippet:-1","max-image-preview":"max-image-preview:large","max-video-preview":"max-video-preview:-1"},"canonical":"https:\/\/www.pdparacas.com.pe\/blog\/el-puerto-de-paracas-estuvo-presente-en-el-1er-congreso-internacional-de-la-uva-de-mesa-organizado-por-provid-peru-en-ica\/","og_locale":"es_ES","og_type":"article","og_title":"\u25b7 EL PUERTO DE PARACAS ESTUVO PRESENTE EN EL 1er CONGRESO INTERNACIONAL DE LA UVA DE MESA, ORGANIZADO POR PROVID PER\u00da EN ICA.","og_description":"\u25b7 El Puerto de Paracas estuvo presente en el 1er Congreso Internacional de la Uva de Mesa, organizado por PROVID Per\u00fa en Ica. Conoce los detalles en este interesante blog. \u2705","og_url":"https:\/\/www.pdparacas.com.pe\/blog\/el-puerto-de-paracas-estuvo-presente-en-el-1er-congreso-internacional-de-la-uva-de-mesa-organizado-por-provid-peru-en-ica\/","og_site_name":"Puerto de Paracas - Blog","article_published_time":"2023-09-04T16:02:54+00:00","og_image":[{"width":1024,"height":683,"path":"2023\/09\/STAND-AGOSTO-0-1024x683.png","url":"http:\/\/www.pdparacas.com.pe\/blog\/wp-content\/uploads\/2023\/09\/STAND-AGOSTO-0-1024x683.png","size":"large","id":7222,"alt":"","pixels":699392,"type":"image\/png"}],"twitter_card":"summary_large_image","twitter_misc":{"Escrito por":"Samuel Reyes","Tiempo de lectura":"2 minutos"},"schema":{"@context":"https:\/\/schema.org","@graph":[{"@type":"WebSite","@id":"https:\/\/www.pdparacas.com.pe\/blog\/#website","url":"https:\/\/www.pdparacas.com.pe\/blog\/","name":"Puerto de Paracas - Blog","description":"","potentialAction":[{"@type":"SearchAction","target":{"@type":"EntryPoint","urlTemplate":"https:\/\/www.pdparacas.com.pe\/blog\/?s={search_term_string}"},"query-input":"required name=search_term_string"}],"inLanguage":"es"},{"@type":"ImageObject","@id":"https:\/\/www.pdparacas.com.pe\/blog\/el-puerto-de-paracas-estuvo-presente-en-el-1er-congreso-internacional-de-la-uva-de-mesa-organizado-por-provid-peru-en-ica\/#primaryimage","inLanguage":"es","url":"https:\/\/www.pdparacas.com.pe\/blog\/wp-content\/uploads\/2023\/09\/STAND-AGOSTO-0.png","contentUrl":"https:\/\/www.pdparacas.com.pe\/blog\/wp-content\/uploads\/2023\/09\/STAND-AGOSTO-0.png","width":1620,"height":1080},{"@type":"WebPage","@id":"https:\/\/www.pdparacas.com.pe\/blog\/el-puerto-de-paracas-estuvo-presente-en-el-1er-congreso-internacional-de-la-uva-de-mesa-organizado-por-provid-peru-en-ica\/#webpage","url":"https:\/\/www.pdparacas.com.pe\/blog\/el-puerto-de-paracas-estuvo-presente-en-el-1er-congreso-internacional-de-la-uva-de-mesa-organizado-por-provid-peru-en-ica\/","name":"\u25b7 EL PUERTO DE PARACAS ESTUVO PRESENTE EN EL 1er CONGRESO INTERNACIONAL DE LA UVA DE MESA, ORGANIZADO POR PROVID PER\u00da EN ICA.","isPartOf":{"@id":"https:\/\/www.pdparacas.com.pe\/blog\/#website"},"primaryImageOfPage":{"@id":"https:\/\/www.pdparacas.com.pe\/blog\/el-puerto-de-paracas-estuvo-presente-en-el-1er-congreso-internacional-de-la-uva-de-mesa-organizado-por-provid-peru-en-ica\/#primaryimage"},"datePublished":"2023-09-04T16:02:54+00:00","dateModified":"2023-09-04T16:02:54+00:00","author":{"@id":"https:\/\/www.pdparacas.com.pe\/blog\/#\/schema\/person\/40f4a1f66107d54c1a25d656e7a6ac7f"},"description":"\u25b7 El Puerto de Paracas estuvo presente en el 1er Congreso Internacional de la Uva de Mesa, organizado por PROVID Per\u00fa en Ica. Conoce los detalles en este interesante blog. \u2705","breadcrumb":{"@id":"https:\/\/www.pdparacas.com.pe\/blog\/el-puerto-de-paracas-estuvo-presente-en-el-1er-congreso-internacional-de-la-uva-de-mesa-organizado-por-provid-peru-en-ica\/#breadcrumb"},"inLanguage":"es","potentialAction":[{"@type":"ReadAction","target":["https:\/\/www.pdparacas.com.pe\/blog\/el-puerto-de-paracas-estuvo-presente-en-el-1er-congreso-internacional-de-la-uva-de-mesa-organizado-por-provid-peru-en-ica\/"]}]},{"@type":"BreadcrumbList","@id":"https:\/\/www.pdparacas.com.pe\/blog\/el-puerto-de-paracas-estuvo-presente-en-el-1er-congreso-internacional-de-la-uva-de-mesa-organizado-por-provid-peru-en-ica\/#breadcrumb","itemListElement":[{"@type":"ListItem","position":1,"name":"Portada","item":"https:\/\/www.pdparacas.com.pe\/blog\/"},{"@type":"ListItem","position":2,"name":"EL PUERTO DE PARACAS ESTUVO PRESENTE EN EL 1er CONGRESO INTERNACIONAL DE LA UVA DE MESA, ORGANIZADO POR PROVID PER\u00da EN ICA."}]},{"@type":"Person","@id":"https:\/\/www.pdparacas.com.pe\/blog\/#\/schema\/person\/40f4a1f66107d54c1a25d656e7a6ac7f","name":"Samuel Reyes","image":{"@type":"ImageObject","@id":"https:\/\/www.pdparacas.com.pe\/blog\/#personlogo","inLanguage":"es","url":"https:\/\/secure.gravatar.com\/avatar\/40a2c27a4520da1b7f58e63ff303a47b?s=96&d=mm&r=g","contentUrl":"https:\/\/secure.gravatar.com\/avatar\/40a2c27a4520da1b7f58e63ff303a47b?s=96&d=mm&r=g","caption":"Samuel Reyes"},"url":"https:\/\/www.pdparacas.com.pe\/blog\/author\/s-reyespdparacas-com-pe\/"}]}},"_links":{"self":[{"href":"https:\/\/www.pdparacas.com.pe\/blog\/wp-json\/wp\/v2\/posts\/7221"}],"collection":[{"href":"https:\/\/www.pdparacas.com.pe\/blog\/wp-json\/wp\/v2\/posts"}],"about":[{"href":"https:\/\/www.pdparacas.com.pe\/blog\/wp-json\/wp\/v2\/types\/post"}],"author":[{"embeddable":true,"href":"https:\/\/www.pdparacas.com.pe\/blog\/wp-json\/wp\/v2\/users\/17"}],"replies":[{"embeddable":true,"href":"https:\/\/www.pdparacas.com.pe\/blog\/wp-json\/wp\/v2\/comments?post=7221"}],"version-history":[{"count":1,"href":"https:\/\/www.pdparacas.com.pe\/blog\/wp-json\/wp\/v2\/posts\/7221\/revisions"}],"predecessor-version":[{"id":7228,"href":"https:\/\/www.pdparacas.com.pe\/blog\/wp-json\/wp\/v2\/posts\/7221\/revisions\/7228"}],"wp:featuredmedia":[{"embeddable":true,"href":"https:\/\/www.pdparacas.com.pe\/blog\/wp-json\/wp\/v2\/media\/7222"}],"wp:attachment":[{"href":"https:\/\/www.pdparacas.com.pe\/blog\/wp-json\/wp\/v2\/media?parent=7221"}],"wp:term":[{"taxonomy":"category","embeddable":true,"href":"https:\/\/www.pdparacas.com.pe\/blog\/wp-json\/wp\/v2\/categories?post=7221"},{"taxonomy":"post_tag","embeddable":true,"href":"https:\/\/www.pdparacas.com.pe\/blog\/wp-json\/wp\/v2\/tags?post=7221"}],"curies":[{"name":"wp","href":"https:\/\/api.w.org\/{rel}","templated":true}]}}