{"id":7044,"date":"2023-07-03T18:39:27","date_gmt":"2023-07-03T18:39:27","guid":{"rendered":"https:\/\/www.pdparacas.com.pe\/blog\/?p=7044"},"modified":"2023-07-03T18:39:37","modified_gmt":"2023-07-03T18:39:37","slug":"el-puerto-de-paracas-realizo-una-feria-ambiental-donde-los-colaboradores-participaron-de-las-actividades","status":"publish","type":"post","link":"https:\/\/www.pdparacas.com.pe\/blog\/el-puerto-de-paracas-realizo-una-feria-ambiental-donde-los-colaboradores-participaron-de-las-actividades\/","title":{"rendered":"EL PUERTO DE PARACAS REALIZ\u00d3 UNA FERIA AMBIENTAL DONDE LOS COLABORADORES PARTICIPARON DE LAS ACTIVIDADES."},"content":{"rendered":"<p><strong>PUERTO DE PARACAS REALIZ\u00d3 UNA FERIA AMBIENTAL DONDE LOS COLABORADORES PARTICIPARON DE LAS ACTIVIDADES.<\/strong><\/p>\n<p><strong>Pisco, 6 de junio del 2023.<\/strong><\/p>\n<div dir=\"auto\"><span class=\"x3nfvp2 x1j61x8r x1fcty0u xdj266r xhhsvwb xat24cr xgzva0m xxymvpz xlup9mm x1kky2od\"><img loading=\"lazy\" src=\"https:\/\/static.xx.fbcdn.net\/images\/emoji.php\/v9\/tac\/1\/16\/1f4cc.png\" alt=\"?\" width=\"16\" height=\"16\" \/><\/span>El Puerto de Paracas en conmemoraci\u00f3n por el D\u00eda Mundial del Medio Ambiente realiz\u00f3 una feria ambiental, donde los colaboradores participaron de las din\u00e1micas y actividades ofrecidas en los diferentes stands. Esta actividad se realiz\u00f3 con el objetivo de promover la conciencia ambiental y reforzar la importancia de la correcta segregaci\u00f3n de los residuos.<span class=\"x3nfvp2 x1j61x8r x1fcty0u xdj266r xhhsvwb xat24cr xgzva0m xxymvpz xlup9mm x1kky2od\"><img loading=\"lazy\" src=\"https:\/\/static.xx.fbcdn.net\/images\/emoji.php\/v9\/t69\/1\/16\/1f331.png\" alt=\"?\" width=\"16\" height=\"16\" \/><\/span><\/div>\n<div dir=\"auto\">Agradecemos la participaci\u00f3n de las empresas Newrest, IPCC S.A.C., Primax, Acoinsa y Grupo Helse.<\/div>\n<div dir=\"auto\">\u00a1Puerto de Paracas comprometido con la educaci\u00f3n ambiental! <span class=\"x3nfvp2 x1j61x8r x1fcty0u xdj266r xhhsvwb xat24cr xgzva0m xxymvpz xlup9mm x1kky2od\"><img loading=\"lazy\" src=\"https:\/\/static.xx.fbcdn.net\/images\/emoji.php\/v9\/t69\/1\/16\/1f331.png\" alt=\"?\" width=\"16\" height=\"16\" \/><\/span><span class=\"x3nfvp2 x1j61x8r x1fcty0u xdj266r xhhsvwb xat24cr xgzva0m xxymvpz xlup9mm x1kky2od\"><img loading=\"lazy\" src=\"https:\/\/static.xx.fbcdn.net\/images\/emoji.php\/v9\/tc0\/1\/16\/1f30e.png\" alt=\"?\" width=\"16\" height=\"16\" \/><\/span><\/div>\n<div dir=\"auto\">#PuertoDeParacas<\/div>\n<div dir=\"auto\">#PuertoModernoYSeguro<\/div>\n<div dir=\"auto\">#Educaci\u00f3nAmbiental<\/div>\n<div dir=\"auto\">#ResponsabilidadSocial<\/div>\n<div dir=\"auto\">#D\u00edaMundialDelMedioAmbiente<\/div>\n<div dir=\"auto\">#ComprometidosConElMedioAmbiente<\/div>\n<div dir=\"auto\">\n<div class=\"xdj266r x11i5rnm xat24cr x1mh8g0r x1vvkbs x126k92a\">\n<div dir=\"auto\">\n<div dir=\"auto\">\n<div dir=\"auto\"><\/div>\n<\/div>\n<\/div>\n<\/div>\n<\/div>\n<div dir=\"auto\">\n<div class=\"xdj266r x11i5rnm xat24cr x1mh8g0r x1vvkbs x126k92a\">\n<div dir=\"auto\">\n<div dir=\"auto\">\n<div dir=\"auto\">\n<div dir=\"auto\"><img loading=\"lazy\" class=\"aligncenter size-large wp-image-7053\" src=\"http:\/\/www.pdparacas.com.pe\/blog\/wp-content\/uploads\/2023\/07\/diamedioambiente9-1024x683.png\" alt=\"\" width=\"1024\" height=\"683\" srcset=\"https:\/\/www.pdparacas.com.pe\/blog\/wp-content\/uploads\/2023\/07\/diamedioambiente9-1024x683.png 1024w, https:\/\/www.pdparacas.com.pe\/blog\/wp-content\/uploads\/2023\/07\/diamedioambiente9-300x200.png 300w, https:\/\/www.pdparacas.com.pe\/blog\/wp-content\/uploads\/2023\/07\/diamedioambiente9-768x512.png 768w, https:\/\/www.pdparacas.com.pe\/blog\/wp-content\/uploads\/2023\/07\/diamedioambiente9-1536x1024.png 1536w, https:\/\/www.pdparacas.com.pe\/blog\/wp-content\/uploads\/2023\/07\/diamedioambiente9-900x600.png 900w, https:\/\/www.pdparacas.com.pe\/blog\/wp-content\/uploads\/2023\/07\/diamedioambiente9.png 1620w\" sizes=\"(max-width: 1024px) 100vw, 1024px\" \/><img loading=\"lazy\" class=\"aligncenter size-large wp-image-7052\" src=\"http:\/\/www.pdparacas.com.pe\/blog\/wp-content\/uploads\/2023\/07\/diamedioambiente8-1024x683.png\" alt=\"\" width=\"1024\" height=\"683\" srcset=\"https:\/\/www.pdparacas.com.pe\/blog\/wp-content\/uploads\/2023\/07\/diamedioambiente8-1024x683.png 1024w, https:\/\/www.pdparacas.com.pe\/blog\/wp-content\/uploads\/2023\/07\/diamedioambiente8-300x200.png 300w, https:\/\/www.pdparacas.com.pe\/blog\/wp-content\/uploads\/2023\/07\/diamedioambiente8-768x512.png 768w, https:\/\/www.pdparacas.com.pe\/blog\/wp-content\/uploads\/2023\/07\/diamedioambiente8-1536x1024.png 1536w, https:\/\/www.pdparacas.com.pe\/blog\/wp-content\/uploads\/2023\/07\/diamedioambiente8-900x600.png 900w, https:\/\/www.pdparacas.com.pe\/blog\/wp-content\/uploads\/2023\/07\/diamedioambiente8.png 1620w\" sizes=\"(max-width: 1024px) 100vw, 1024px\" \/><img loading=\"lazy\" class=\"aligncenter size-large wp-image-7051\" src=\"http:\/\/www.pdparacas.com.pe\/blog\/wp-content\/uploads\/2023\/07\/diamedioambiente7-1024x683.png\" alt=\"\" width=\"1024\" height=\"683\" srcset=\"https:\/\/www.pdparacas.com.pe\/blog\/wp-content\/uploads\/2023\/07\/diamedioambiente7-1024x683.png 1024w, https:\/\/www.pdparacas.com.pe\/blog\/wp-content\/uploads\/2023\/07\/diamedioambiente7-300x200.png 300w, https:\/\/www.pdparacas.com.pe\/blog\/wp-content\/uploads\/2023\/07\/diamedioambiente7-768x512.png 768w, https:\/\/www.pdparacas.com.pe\/blog\/wp-content\/uploads\/2023\/07\/diamedioambiente7-1536x1024.png 1536w, https:\/\/www.pdparacas.com.pe\/blog\/wp-content\/uploads\/2023\/07\/diamedioambiente7-900x600.png 900w, https:\/\/www.pdparacas.com.pe\/blog\/wp-content\/uploads\/2023\/07\/diamedioambiente7.png 1620w\" sizes=\"(max-width: 1024px) 100vw, 1024px\" \/><img loading=\"lazy\" class=\"aligncenter size-large wp-image-7050\" src=\"http:\/\/www.pdparacas.com.pe\/blog\/wp-content\/uploads\/2023\/07\/diamedioambiente6-1024x683.png\" alt=\"\" width=\"1024\" height=\"683\" srcset=\"https:\/\/www.pdparacas.com.pe\/blog\/wp-content\/uploads\/2023\/07\/diamedioambiente6-1024x683.png 1024w, https:\/\/www.pdparacas.com.pe\/blog\/wp-content\/uploads\/2023\/07\/diamedioambiente6-300x200.png 300w, https:\/\/www.pdparacas.com.pe\/blog\/wp-content\/uploads\/2023\/07\/diamedioambiente6-768x512.png 768w, https:\/\/www.pdparacas.com.pe\/blog\/wp-content\/uploads\/2023\/07\/diamedioambiente6-1536x1024.png 1536w, https:\/\/www.pdparacas.com.pe\/blog\/wp-content\/uploads\/2023\/07\/diamedioambiente6-900x600.png 900w, https:\/\/www.pdparacas.com.pe\/blog\/wp-content\/uploads\/2023\/07\/diamedioambiente6.png 1620w\" sizes=\"(max-width: 1024px) 100vw, 1024px\" \/><img loading=\"lazy\" class=\"aligncenter size-large wp-image-7049\" src=\"http:\/\/www.pdparacas.com.pe\/blog\/wp-content\/uploads\/2023\/07\/diamedioambiente5-1024x683.png\" alt=\"\" width=\"1024\" height=\"683\" srcset=\"https:\/\/www.pdparacas.com.pe\/blog\/wp-content\/uploads\/2023\/07\/diamedioambiente5-1024x683.png 1024w, https:\/\/www.pdparacas.com.pe\/blog\/wp-content\/uploads\/2023\/07\/diamedioambiente5-300x200.png 300w, https:\/\/www.pdparacas.com.pe\/blog\/wp-content\/uploads\/2023\/07\/diamedioambiente5-768x512.png 768w, https:\/\/www.pdparacas.com.pe\/blog\/wp-content\/uploads\/2023\/07\/diamedioambiente5-1536x1024.png 1536w, https:\/\/www.pdparacas.com.pe\/blog\/wp-content\/uploads\/2023\/07\/diamedioambiente5-900x600.png 900w, https:\/\/www.pdparacas.com.pe\/blog\/wp-content\/uploads\/2023\/07\/diamedioambiente5.png 1620w\" sizes=\"(max-width: 1024px) 100vw, 1024px\" \/><img loading=\"lazy\" class=\"aligncenter size-large wp-image-7048\" src=\"http:\/\/www.pdparacas.com.pe\/blog\/wp-content\/uploads\/2023\/07\/diamedioambiente4-1024x683.png\" alt=\"\" width=\"1024\" height=\"683\" srcset=\"https:\/\/www.pdparacas.com.pe\/blog\/wp-content\/uploads\/2023\/07\/diamedioambiente4-1024x683.png 1024w, https:\/\/www.pdparacas.com.pe\/blog\/wp-content\/uploads\/2023\/07\/diamedioambiente4-300x200.png 300w, https:\/\/www.pdparacas.com.pe\/blog\/wp-content\/uploads\/2023\/07\/diamedioambiente4-768x512.png 768w, https:\/\/www.pdparacas.com.pe\/blog\/wp-content\/uploads\/2023\/07\/diamedioambiente4-1536x1024.png 1536w, https:\/\/www.pdparacas.com.pe\/blog\/wp-content\/uploads\/2023\/07\/diamedioambiente4-900x600.png 900w, https:\/\/www.pdparacas.com.pe\/blog\/wp-content\/uploads\/2023\/07\/diamedioambiente4.png 1620w\" sizes=\"(max-width: 1024px) 100vw, 1024px\" \/><img loading=\"lazy\" class=\"aligncenter size-large wp-image-7047\" src=\"http:\/\/www.pdparacas.com.pe\/blog\/wp-content\/uploads\/2023\/07\/diamedioambiente3-1024x683.png\" alt=\"\" width=\"1024\" height=\"683\" srcset=\"https:\/\/www.pdparacas.com.pe\/blog\/wp-content\/uploads\/2023\/07\/diamedioambiente3-1024x683.png 1024w, https:\/\/www.pdparacas.com.pe\/blog\/wp-content\/uploads\/2023\/07\/diamedioambiente3-300x200.png 300w, https:\/\/www.pdparacas.com.pe\/blog\/wp-content\/uploads\/2023\/07\/diamedioambiente3-768x512.png 768w, https:\/\/www.pdparacas.com.pe\/blog\/wp-content\/uploads\/2023\/07\/diamedioambiente3-1536x1024.png 1536w, https:\/\/www.pdparacas.com.pe\/blog\/wp-content\/uploads\/2023\/07\/diamedioambiente3-900x600.png 900w, https:\/\/www.pdparacas.com.pe\/blog\/wp-content\/uploads\/2023\/07\/diamedioambiente3.png 1620w\" sizes=\"(max-width: 1024px) 100vw, 1024px\" \/><img loading=\"lazy\" class=\"aligncenter size-large wp-image-7046\" src=\"http:\/\/www.pdparacas.com.pe\/blog\/wp-content\/uploads\/2023\/07\/diamedioambiente2-1024x683.png\" alt=\"\" width=\"1024\" height=\"683\" srcset=\"https:\/\/www.pdparacas.com.pe\/blog\/wp-content\/uploads\/2023\/07\/diamedioambiente2-1024x683.png 1024w, https:\/\/www.pdparacas.com.pe\/blog\/wp-content\/uploads\/2023\/07\/diamedioambiente2-300x200.png 300w, https:\/\/www.pdparacas.com.pe\/blog\/wp-content\/uploads\/2023\/07\/diamedioambiente2-768x512.png 768w, https:\/\/www.pdparacas.com.pe\/blog\/wp-content\/uploads\/2023\/07\/diamedioambiente2-1536x1024.png 1536w, https:\/\/www.pdparacas.com.pe\/blog\/wp-content\/uploads\/2023\/07\/diamedioambiente2-900x600.png 900w, https:\/\/www.pdparacas.com.pe\/blog\/wp-content\/uploads\/2023\/07\/diamedioambiente2.png 1620w\" sizes=\"(max-width: 1024px) 100vw, 1024px\" \/><img loading=\"lazy\" class=\"aligncenter size-large wp-image-7045\" src=\"http:\/\/www.pdparacas.com.pe\/blog\/wp-content\/uploads\/2023\/07\/diamedioambiente1-1024x683.png\" alt=\"\" width=\"1024\" height=\"683\" srcset=\"https:\/\/www.pdparacas.com.pe\/blog\/wp-content\/uploads\/2023\/07\/diamedioambiente1-1024x683.png 1024w, https:\/\/www.pdparacas.com.pe\/blog\/wp-content\/uploads\/2023\/07\/diamedioambiente1-300x200.png 300w, https:\/\/www.pdparacas.com.pe\/blog\/wp-content\/uploads\/2023\/07\/diamedioambiente1-768x512.png 768w, https:\/\/www.pdparacas.com.pe\/blog\/wp-content\/uploads\/2023\/07\/diamedioambiente1-1536x1024.png 1536w, https:\/\/www.pdparacas.com.pe\/blog\/wp-content\/uploads\/2023\/07\/diamedioambiente1-900x600.png 900w, https:\/\/www.pdparacas.com.pe\/blog\/wp-content\/uploads\/2023\/07\/diamedioambiente1.png 1620w\" sizes=\"(max-width: 1024px) 100vw, 1024px\" \/><\/div>\n<\/div>\n<\/div>\n<\/div>\n<\/div>\n<\/div>\n","protected":false},"excerpt":{"rendered":"<p>PUERTO DE PARACAS REALIZ\u00d3 UNA FERIA AMBIENTAL DONDE LOS COLABORADORES PARTICIPARON DE LAS ACTIVIDADES. Pisco,&#8230;<\/p>\n","protected":false},"author":17,"featured_media":7047,"comment_status":"open","ping_status":"open","sticky":false,"template":"","format":"standard","meta":[],"categories":[1],"tags":[],"better_featured_image":{"id":7047,"alt_text":"","caption":"","description":"","media_type":"image","media_details":{"width":1620,"height":1080,"file":"2023\/07\/diamedioambiente3.png","sizes":{"medium":{"file":"diamedioambiente3-300x200.png","width":300,"height":200,"mime-type":"image\/png","source_url":"https:\/\/www.pdparacas.com.pe\/blog\/wp-content\/uploads\/2023\/07\/diamedioambiente3-300x200.png"},"large":{"file":"diamedioambiente3-1024x683.png","width":1024,"height":683,"mime-type":"image\/png","source_url":"https:\/\/www.pdparacas.com.pe\/blog\/wp-content\/uploads\/2023\/07\/diamedioambiente3-1024x683.png"},"thumbnail":{"file":"diamedioambiente3-150x150.png","width":150,"height":150,"mime-type":"image\/png","source_url":"https:\/\/www.pdparacas.com.pe\/blog\/wp-content\/uploads\/2023\/07\/diamedioambiente3-150x150.png"},"medium_large":{"file":"diamedioambiente3-768x512.png","width":768,"height":512,"mime-type":"image\/png","source_url":"https:\/\/www.pdparacas.com.pe\/blog\/wp-content\/uploads\/2023\/07\/diamedioambiente3-768x512.png"},"1536x1536":{"file":"diamedioambiente3-1536x1024.png","width":1536,"height":1024,"mime-type":"image\/png","source_url":"https:\/\/www.pdparacas.com.pe\/blog\/wp-content\/uploads\/2023\/07\/diamedioambiente3-1536x1024.png"},"portfolio-thumb":{"file":"diamedioambiente3-600x403.png","width":600,"height":403,"mime-type":"image\/png","source_url":"https:\/\/www.pdparacas.com.pe\/blog\/wp-content\/uploads\/2023\/07\/diamedioambiente3-600x403.png"},"portfolio-thumb_small":{"file":"diamedioambiente3-400x269.png","width":400,"height":269,"mime-type":"image\/png","source_url":"https:\/\/www.pdparacas.com.pe\/blog\/wp-content\/uploads\/2023\/07\/diamedioambiente3-400x269.png"},"portfolio-widget":{"file":"diamedioambiente3-100x100.png","width":100,"height":100,"mime-type":"image\/png","source_url":"https:\/\/www.pdparacas.com.pe\/blog\/wp-content\/uploads\/2023\/07\/diamedioambiente3-100x100.png"},"nectar_small_square":{"file":"diamedioambiente3-140x140.png","width":140,"height":140,"mime-type":"image\/png","source_url":"https:\/\/www.pdparacas.com.pe\/blog\/wp-content\/uploads\/2023\/07\/diamedioambiente3-140x140.png"},"wide":{"file":"diamedioambiente3-1000x500.png","width":1000,"height":500,"mime-type":"image\/png","source_url":"https:\/\/www.pdparacas.com.pe\/blog\/wp-content\/uploads\/2023\/07\/diamedioambiente3-1000x500.png"},"wide_small":{"file":"diamedioambiente3-670x335.png","width":670,"height":335,"mime-type":"image\/png","source_url":"https:\/\/www.pdparacas.com.pe\/blog\/wp-content\/uploads\/2023\/07\/diamedioambiente3-670x335.png"},"regular":{"file":"diamedioambiente3-500x500.png","width":500,"height":500,"mime-type":"image\/png","source_url":"https:\/\/www.pdparacas.com.pe\/blog\/wp-content\/uploads\/2023\/07\/diamedioambiente3-500x500.png"},"regular_small":{"file":"diamedioambiente3-350x350.png","width":350,"height":350,"mime-type":"image\/png","source_url":"https:\/\/www.pdparacas.com.pe\/blog\/wp-content\/uploads\/2023\/07\/diamedioambiente3-350x350.png"},"tall":{"file":"diamedioambiente3-500x1000.png","width":500,"height":1000,"mime-type":"image\/png","source_url":"https:\/\/www.pdparacas.com.pe\/blog\/wp-content\/uploads\/2023\/07\/diamedioambiente3-500x1000.png"},"wide_tall":{"file":"diamedioambiente3-1000x1000.png","width":1000,"height":1000,"mime-type":"image\/png","source_url":"https:\/\/www.pdparacas.com.pe\/blog\/wp-content\/uploads\/2023\/07\/diamedioambiente3-1000x1000.png"},"wide_photography":{"file":"diamedioambiente3-900x600.png","width":900,"height":600,"mime-type":"image\/png","source_url":"https:\/\/www.pdparacas.com.pe\/blog\/wp-content\/uploads\/2023\/07\/diamedioambiente3-900x600.png"},"large_featured":{"file":"diamedioambiente3-1620x700.png","width":1620,"height":700,"mime-type":"image\/png","source_url":"https:\/\/www.pdparacas.com.pe\/blog\/wp-content\/uploads\/2023\/07\/diamedioambiente3-1620x700.png"},"medium_featured":{"file":"diamedioambiente3-800x800.png","width":800,"height":800,"mime-type":"image\/png","source_url":"https:\/\/www.pdparacas.com.pe\/blog\/wp-content\/uploads\/2023\/07\/diamedioambiente3-800x800.png"},"img_post":{"file":"diamedioambiente3-365x250.png","width":365,"height":250,"mime-type":"image\/png","source_url":"https:\/\/www.pdparacas.com.pe\/blog\/wp-content\/uploads\/2023\/07\/diamedioambiente3-365x250.png"}},"image_meta":{"aperture":"0","credit":"","camera":"","caption":"","created_timestamp":"0","copyright":"","focal_length":"0","iso":"0","shutter_speed":"0","title":"","orientation":"0","keywords":[]}},"post":7044,"source_url":"https:\/\/www.pdparacas.com.pe\/blog\/wp-content\/uploads\/2023\/07\/diamedioambiente3.png"},"yoast_head":"<!-- This site is optimized with the Yoast SEO plugin v16.8 - https:\/\/yoast.com\/wordpress\/plugins\/seo\/ -->\n<title>\u25b7 PUERTO DE PARACAS REALIZ\u00d3 UNA FERIA AMBIENTAL DONDE LOS COLABORADORES PARTICIPARON DE LAS ACTIVIDADES.<\/title>\n<meta name=\"description\" content=\"\u25b7 El Puerto de Paracas realiz\u00f3 una feria ambiental donde los colaboradores participaron de las actividades. Conoce los detalles en este interesante blog. \u2705\" \/>\n<meta name=\"robots\" content=\"index, follow, max-snippet:-1, max-image-preview:large, max-video-preview:-1\" \/>\n<link rel=\"canonical\" href=\"https:\/\/www.pdparacas.com.pe\/blog\/el-puerto-de-paracas-realizo-una-feria-ambiental-donde-los-colaboradores-participaron-de-las-actividades\/\" \/>\n<meta property=\"og:locale\" content=\"es_ES\" \/>\n<meta property=\"og:type\" content=\"article\" \/>\n<meta property=\"og:title\" content=\"\u25b7 PUERTO DE PARACAS REALIZ\u00d3 UNA FERIA AMBIENTAL DONDE LOS COLABORADORES PARTICIPARON DE LAS ACTIVIDADES.\" \/>\n<meta property=\"og:description\" content=\"\u25b7 El Puerto de Paracas realiz\u00f3 una feria ambiental donde los colaboradores participaron de las actividades. Conoce los detalles en este interesante blog. \u2705\" \/>\n<meta property=\"og:url\" content=\"https:\/\/www.pdparacas.com.pe\/blog\/el-puerto-de-paracas-realizo-una-feria-ambiental-donde-los-colaboradores-participaron-de-las-actividades\/\" \/>\n<meta property=\"og:site_name\" content=\"Puerto de Paracas - Blog\" \/>\n<meta property=\"article:published_time\" content=\"2023-07-03T18:39:27+00:00\" \/>\n<meta property=\"article:modified_time\" content=\"2023-07-03T18:39:37+00:00\" \/>\n<meta property=\"og:image\" content=\"http:\/\/www.pdparacas.com.pe\/blog\/wp-content\/uploads\/2023\/07\/diamedioambiente3-1024x683.png\" \/>\n\t<meta property=\"og:image:width\" content=\"1024\" \/>\n\t<meta property=\"og:image:height\" content=\"683\" \/>\n<meta name=\"twitter:card\" content=\"summary_large_image\" \/>\n<meta name=\"twitter:label1\" content=\"Escrito por\" \/>\n\t<meta name=\"twitter:data1\" content=\"Samuel Reyes\" \/>\n\t<meta name=\"twitter:label2\" content=\"Tiempo de lectura\" \/>\n\t<meta name=\"twitter:data2\" content=\"4 minutos\" \/>\n<script type=\"application\/ld+json\" class=\"yoast-schema-graph\">{\"@context\":\"https:\/\/schema.org\",\"@graph\":[{\"@type\":\"WebSite\",\"@id\":\"https:\/\/www.pdparacas.com.pe\/blog\/#website\",\"url\":\"https:\/\/www.pdparacas.com.pe\/blog\/\",\"name\":\"Puerto de Paracas - Blog\",\"description\":\"\",\"potentialAction\":[{\"@type\":\"SearchAction\",\"target\":{\"@type\":\"EntryPoint\",\"urlTemplate\":\"https:\/\/www.pdparacas.com.pe\/blog\/?s={search_term_string}\"},\"query-input\":\"required name=search_term_string\"}],\"inLanguage\":\"es\"},{\"@type\":\"ImageObject\",\"@id\":\"https:\/\/www.pdparacas.com.pe\/blog\/el-puerto-de-paracas-realizo-una-feria-ambiental-donde-los-colaboradores-participaron-de-las-actividades\/#primaryimage\",\"inLanguage\":\"es\",\"url\":\"https:\/\/www.pdparacas.com.pe\/blog\/wp-content\/uploads\/2023\/07\/diamedioambiente3.png\",\"contentUrl\":\"https:\/\/www.pdparacas.com.pe\/blog\/wp-content\/uploads\/2023\/07\/diamedioambiente3.png\",\"width\":1620,\"height\":1080},{\"@type\":\"WebPage\",\"@id\":\"https:\/\/www.pdparacas.com.pe\/blog\/el-puerto-de-paracas-realizo-una-feria-ambiental-donde-los-colaboradores-participaron-de-las-actividades\/#webpage\",\"url\":\"https:\/\/www.pdparacas.com.pe\/blog\/el-puerto-de-paracas-realizo-una-feria-ambiental-donde-los-colaboradores-participaron-de-las-actividades\/\",\"name\":\"\\u25b7 PUERTO DE PARACAS REALIZ\\u00d3 UNA FERIA AMBIENTAL DONDE LOS COLABORADORES PARTICIPARON DE LAS ACTIVIDADES.\",\"isPartOf\":{\"@id\":\"https:\/\/www.pdparacas.com.pe\/blog\/#website\"},\"primaryImageOfPage\":{\"@id\":\"https:\/\/www.pdparacas.com.pe\/blog\/el-puerto-de-paracas-realizo-una-feria-ambiental-donde-los-colaboradores-participaron-de-las-actividades\/#primaryimage\"},\"datePublished\":\"2023-07-03T18:39:27+00:00\",\"dateModified\":\"2023-07-03T18:39:37+00:00\",\"author\":{\"@id\":\"https:\/\/www.pdparacas.com.pe\/blog\/#\/schema\/person\/40f4a1f66107d54c1a25d656e7a6ac7f\"},\"description\":\"\\u25b7 El Puerto de Paracas realiz\\u00f3 una feria ambiental donde los colaboradores participaron de las actividades. Conoce los detalles en este interesante blog. \\u2705\",\"breadcrumb\":{\"@id\":\"https:\/\/www.pdparacas.com.pe\/blog\/el-puerto-de-paracas-realizo-una-feria-ambiental-donde-los-colaboradores-participaron-de-las-actividades\/#breadcrumb\"},\"inLanguage\":\"es\",\"potentialAction\":[{\"@type\":\"ReadAction\",\"target\":[\"https:\/\/www.pdparacas.com.pe\/blog\/el-puerto-de-paracas-realizo-una-feria-ambiental-donde-los-colaboradores-participaron-de-las-actividades\/\"]}]},{\"@type\":\"BreadcrumbList\",\"@id\":\"https:\/\/www.pdparacas.com.pe\/blog\/el-puerto-de-paracas-realizo-una-feria-ambiental-donde-los-colaboradores-participaron-de-las-actividades\/#breadcrumb\",\"itemListElement\":[{\"@type\":\"ListItem\",\"position\":1,\"name\":\"Portada\",\"item\":\"https:\/\/www.pdparacas.com.pe\/blog\/\"},{\"@type\":\"ListItem\",\"position\":2,\"name\":\"EL PUERTO DE PARACAS REALIZ\\u00d3 UNA FERIA AMBIENTAL DONDE LOS COLABORADORES PARTICIPARON DE LAS ACTIVIDADES.\"}]},{\"@type\":\"Person\",\"@id\":\"https:\/\/www.pdparacas.com.pe\/blog\/#\/schema\/person\/40f4a1f66107d54c1a25d656e7a6ac7f\",\"name\":\"Samuel Reyes\",\"image\":{\"@type\":\"ImageObject\",\"@id\":\"https:\/\/www.pdparacas.com.pe\/blog\/#personlogo\",\"inLanguage\":\"es\",\"url\":\"https:\/\/secure.gravatar.com\/avatar\/40a2c27a4520da1b7f58e63ff303a47b?s=96&d=mm&r=g\",\"contentUrl\":\"https:\/\/secure.gravatar.com\/avatar\/40a2c27a4520da1b7f58e63ff303a47b?s=96&d=mm&r=g\",\"caption\":\"Samuel Reyes\"},\"url\":\"https:\/\/www.pdparacas.com.pe\/blog\/author\/s-reyespdparacas-com-pe\/\"}]}<\/script>\n<!-- \/ Yoast SEO plugin. -->","yoast_head_json":{"title":"\u25b7 PUERTO DE PARACAS REALIZ\u00d3 UNA FERIA AMBIENTAL DONDE LOS COLABORADORES PARTICIPARON DE LAS ACTIVIDADES.","description":"\u25b7 El Puerto de Paracas realiz\u00f3 una feria ambiental donde los colaboradores participaron de las actividades. Conoce los detalles en este interesante blog. \u2705","robots":{"index":"index","follow":"follow","max-snippet":"max-snippet:-1","max-image-preview":"max-image-preview:large","max-video-preview":"max-video-preview:-1"},"canonical":"https:\/\/www.pdparacas.com.pe\/blog\/el-puerto-de-paracas-realizo-una-feria-ambiental-donde-los-colaboradores-participaron-de-las-actividades\/","og_locale":"es_ES","og_type":"article","og_title":"\u25b7 PUERTO DE PARACAS REALIZ\u00d3 UNA FERIA AMBIENTAL DONDE LOS COLABORADORES PARTICIPARON DE LAS ACTIVIDADES.","og_description":"\u25b7 El Puerto de Paracas realiz\u00f3 una feria ambiental donde los colaboradores participaron de las actividades. Conoce los detalles en este interesante blog. \u2705","og_url":"https:\/\/www.pdparacas.com.pe\/blog\/el-puerto-de-paracas-realizo-una-feria-ambiental-donde-los-colaboradores-participaron-de-las-actividades\/","og_site_name":"Puerto de Paracas - Blog","article_published_time":"2023-07-03T18:39:27+00:00","article_modified_time":"2023-07-03T18:39:37+00:00","og_image":[{"width":1024,"height":683,"path":"2023\/07\/diamedioambiente3-1024x683.png","url":"http:\/\/www.pdparacas.com.pe\/blog\/wp-content\/uploads\/2023\/07\/diamedioambiente3-1024x683.png","size":"large","id":7047,"alt":"","pixels":699392,"type":"image\/png"}],"twitter_card":"summary_large_image","twitter_misc":{"Escrito por":"Samuel Reyes","Tiempo de lectura":"4 minutos"},"schema":{"@context":"https:\/\/schema.org","@graph":[{"@type":"WebSite","@id":"https:\/\/www.pdparacas.com.pe\/blog\/#website","url":"https:\/\/www.pdparacas.com.pe\/blog\/","name":"Puerto de Paracas - Blog","description":"","potentialAction":[{"@type":"SearchAction","target":{"@type":"EntryPoint","urlTemplate":"https:\/\/www.pdparacas.com.pe\/blog\/?s={search_term_string}"},"query-input":"required name=search_term_string"}],"inLanguage":"es"},{"@type":"ImageObject","@id":"https:\/\/www.pdparacas.com.pe\/blog\/el-puerto-de-paracas-realizo-una-feria-ambiental-donde-los-colaboradores-participaron-de-las-actividades\/#primaryimage","inLanguage":"es","url":"https:\/\/www.pdparacas.com.pe\/blog\/wp-content\/uploads\/2023\/07\/diamedioambiente3.png","contentUrl":"https:\/\/www.pdparacas.com.pe\/blog\/wp-content\/uploads\/2023\/07\/diamedioambiente3.png","width":1620,"height":1080},{"@type":"WebPage","@id":"https:\/\/www.pdparacas.com.pe\/blog\/el-puerto-de-paracas-realizo-una-feria-ambiental-donde-los-colaboradores-participaron-de-las-actividades\/#webpage","url":"https:\/\/www.pdparacas.com.pe\/blog\/el-puerto-de-paracas-realizo-una-feria-ambiental-donde-los-colaboradores-participaron-de-las-actividades\/","name":"\u25b7 PUERTO DE PARACAS REALIZ\u00d3 UNA FERIA AMBIENTAL DONDE LOS COLABORADORES PARTICIPARON DE LAS ACTIVIDADES.","isPartOf":{"@id":"https:\/\/www.pdparacas.com.pe\/blog\/#website"},"primaryImageOfPage":{"@id":"https:\/\/www.pdparacas.com.pe\/blog\/el-puerto-de-paracas-realizo-una-feria-ambiental-donde-los-colaboradores-participaron-de-las-actividades\/#primaryimage"},"datePublished":"2023-07-03T18:39:27+00:00","dateModified":"2023-07-03T18:39:37+00:00","author":{"@id":"https:\/\/www.pdparacas.com.pe\/blog\/#\/schema\/person\/40f4a1f66107d54c1a25d656e7a6ac7f"},"description":"\u25b7 El Puerto de Paracas realiz\u00f3 una feria ambiental donde los colaboradores participaron de las actividades. Conoce los detalles en este interesante blog. \u2705","breadcrumb":{"@id":"https:\/\/www.pdparacas.com.pe\/blog\/el-puerto-de-paracas-realizo-una-feria-ambiental-donde-los-colaboradores-participaron-de-las-actividades\/#breadcrumb"},"inLanguage":"es","potentialAction":[{"@type":"ReadAction","target":["https:\/\/www.pdparacas.com.pe\/blog\/el-puerto-de-paracas-realizo-una-feria-ambiental-donde-los-colaboradores-participaron-de-las-actividades\/"]}]},{"@type":"BreadcrumbList","@id":"https:\/\/www.pdparacas.com.pe\/blog\/el-puerto-de-paracas-realizo-una-feria-ambiental-donde-los-colaboradores-participaron-de-las-actividades\/#breadcrumb","itemListElement":[{"@type":"ListItem","position":1,"name":"Portada","item":"https:\/\/www.pdparacas.com.pe\/blog\/"},{"@type":"ListItem","position":2,"name":"EL PUERTO DE PARACAS REALIZ\u00d3 UNA FERIA AMBIENTAL DONDE LOS COLABORADORES PARTICIPARON DE LAS ACTIVIDADES."}]},{"@type":"Person","@id":"https:\/\/www.pdparacas.com.pe\/blog\/#\/schema\/person\/40f4a1f66107d54c1a25d656e7a6ac7f","name":"Samuel Reyes","image":{"@type":"ImageObject","@id":"https:\/\/www.pdparacas.com.pe\/blog\/#personlogo","inLanguage":"es","url":"https:\/\/secure.gravatar.com\/avatar\/40a2c27a4520da1b7f58e63ff303a47b?s=96&d=mm&r=g","contentUrl":"https:\/\/secure.gravatar.com\/avatar\/40a2c27a4520da1b7f58e63ff303a47b?s=96&d=mm&r=g","caption":"Samuel Reyes"},"url":"https:\/\/www.pdparacas.com.pe\/blog\/author\/s-reyespdparacas-com-pe\/"}]}},"_links":{"self":[{"href":"https:\/\/www.pdparacas.com.pe\/blog\/wp-json\/wp\/v2\/posts\/7044"}],"collection":[{"href":"https:\/\/www.pdparacas.com.pe\/blog\/wp-json\/wp\/v2\/posts"}],"about":[{"href":"https:\/\/www.pdparacas.com.pe\/blog\/wp-json\/wp\/v2\/types\/post"}],"author":[{"embeddable":true,"href":"https:\/\/www.pdparacas.com.pe\/blog\/wp-json\/wp\/v2\/users\/17"}],"replies":[{"embeddable":true,"href":"https:\/\/www.pdparacas.com.pe\/blog\/wp-json\/wp\/v2\/comments?post=7044"}],"version-history":[{"count":1,"href":"https:\/\/www.pdparacas.com.pe\/blog\/wp-json\/wp\/v2\/posts\/7044\/revisions"}],"predecessor-version":[{"id":7054,"href":"https:\/\/www.pdparacas.com.pe\/blog\/wp-json\/wp\/v2\/posts\/7044\/revisions\/7054"}],"wp:featuredmedia":[{"embeddable":true,"href":"https:\/\/www.pdparacas.com.pe\/blog\/wp-json\/wp\/v2\/media\/7047"}],"wp:attachment":[{"href":"https:\/\/www.pdparacas.com.pe\/blog\/wp-json\/wp\/v2\/media?parent=7044"}],"wp:term":[{"taxonomy":"category","embeddable":true,"href":"https:\/\/www.pdparacas.com.pe\/blog\/wp-json\/wp\/v2\/categories?post=7044"},{"taxonomy":"post_tag","embeddable":true,"href":"https:\/\/www.pdparacas.com.pe\/blog\/wp-json\/wp\/v2\/tags?post=7044"}],"curies":[{"name":"wp","href":"https:\/\/api.w.org\/{rel}","templated":true}]}}