{"id":7013,"date":"2023-06-05T14:57:36","date_gmt":"2023-06-05T14:57:36","guid":{"rendered":"https:\/\/www.pdparacas.com.pe\/blog\/?p=7013"},"modified":"2023-06-05T14:58:38","modified_gmt":"2023-06-05T14:58:38","slug":"el-puerto-de-paracas-realizo-el-monitoreo-ambiental-de-calidad-de-aire-y-ruido-en-los-puntos-ubicados-dentro-de-la-reserva-nacional-de-paracas-y-la-instalacion-portuaria","status":"publish","type":"post","link":"https:\/\/www.pdparacas.com.pe\/blog\/el-puerto-de-paracas-realizo-el-monitoreo-ambiental-de-calidad-de-aire-y-ruido-en-los-puntos-ubicados-dentro-de-la-reserva-nacional-de-paracas-y-la-instalacion-portuaria\/","title":{"rendered":"EL PUERTO DE PARACAS REALIZ\u00d3 EL MONITOREO AMBIENTAL DE CALIDAD DE AIRE Y RUIDO EN LOS PUNTOS UBICADOS DENTRO DE LA RESERVA NACIONAL DE PARACAS Y LA INSTALACI\u00d3N PORTUARIA."},"content":{"rendered":"<p><strong>EL PUERTO DE PARACAS REALIZ\u00d3 EL MONITOREO AMBIENTAL DE CALIDAD DE AIRE Y RUIDO EN LOS PUNTOS UBICADOS DENTRO DE LA RESERVA NACIONAL DE PARACAS Y LA INSTALACI\u00d3N PORTUARIA.<\/strong><\/p>\n<p><strong>Pisco, 26 de mayo de 2023.<\/strong><\/p>\n<div dir=\"auto\">\n<div class=\"xdj266r x11i5rnm xat24cr x1mh8g0r x1vvkbs x126k92a\">\n<div dir=\"auto\">\n<div dir=\"auto\"><span class=\"x3nfvp2 x1j61x8r x1fcty0u xdj266r xhhsvwb xat24cr xgzva0m xxymvpz xlup9mm x1kky2od\"><img loading=\"lazy\" src=\"https:\/\/static.xx.fbcdn.net\/images\/emoji.php\/v9\/tac\/1\/16\/1f4cc.png\" alt=\"?\" width=\"16\" height=\"16\" \/><\/span>El Puerto de Paracas realiz\u00f3 el monitoreo ambiental de calidad de aire y ruido en los puntos ubicados dentro de la Reserva Nacional de Paracas y la instalaci\u00f3n portuaria, de acuerdo a lo establecido en nuestro instrumento de gesti\u00f3n ambiental.<span class=\"x3nfvp2 x1j61x8r x1fcty0u xdj266r xhhsvwb xat24cr xgzva0m xxymvpz xlup9mm x1kky2od\"><img loading=\"lazy\" src=\"https:\/\/static.xx.fbcdn.net\/images\/emoji.php\/v9\/t69\/1\/16\/1f331.png\" alt=\"?\" width=\"16\" height=\"16\" \/><\/span><\/div>\n<div dir=\"auto\">El Comit\u00e9 de Monitoreo y Vigilancia Ciudadana, conformado por representantes de la poblaci\u00f3n, pescadores, maricultores, algueros, operadores tur\u00edsticos y gobierno local, supervis\u00f3 las tomas de muestras realizadas.<\/div>\n<div dir=\"auto\">\u00a1Puerto de Paracas comprometidos con el medio ambiente! <span class=\"x3nfvp2 x1j61x8r x1fcty0u xdj266r xhhsvwb xat24cr xgzva0m xxymvpz xlup9mm x1kky2od\"><img loading=\"lazy\" src=\"https:\/\/static.xx.fbcdn.net\/images\/emoji.php\/v9\/t69\/1\/16\/1f331.png\" alt=\"?\" width=\"16\" height=\"16\" \/><\/span><span class=\"x3nfvp2 x1j61x8r x1fcty0u xdj266r xhhsvwb xat24cr xgzva0m xxymvpz xlup9mm x1kky2od\"><img loading=\"lazy\" src=\"https:\/\/static.xx.fbcdn.net\/images\/emoji.php\/v9\/tc0\/1\/16\/1f30e.png\" alt=\"?\" width=\"16\" height=\"16\" \/><\/span><\/div>\n<div dir=\"auto\">#PuertoDeParacas<\/div>\n<div dir=\"auto\">#PuertoModernoYSeguro<\/div>\n<div dir=\"auto\">#Comit\u00e9DeMonitoreo<\/div>\n<div dir=\"auto\">#ResponsabilidadSocial<\/div>\n<\/div>\n<div dir=\"auto\"><\/div>\n<\/div>\n<\/div>\n<div dir=\"auto\">\n<div class=\"xdj266r x11i5rnm xat24cr x1mh8g0r x1vvkbs x126k92a\">\n<div dir=\"auto\">\n<div dir=\"auto\">\n<div dir=\"auto\">\n<div dir=\"auto\"><\/div>\n<div dir=\"auto\"><img loading=\"lazy\" class=\"aligncenter size-large wp-image-7014\" src=\"http:\/\/www.pdparacas.com.pe\/blog\/wp-content\/uploads\/2023\/06\/AIREYRUIDO1-1024x683.jpg\" alt=\"\" width=\"1024\" height=\"683\" srcset=\"https:\/\/www.pdparacas.com.pe\/blog\/wp-content\/uploads\/2023\/06\/AIREYRUIDO1-1024x683.jpg 1024w, https:\/\/www.pdparacas.com.pe\/blog\/wp-content\/uploads\/2023\/06\/AIREYRUIDO1-300x200.jpg 300w, https:\/\/www.pdparacas.com.pe\/blog\/wp-content\/uploads\/2023\/06\/AIREYRUIDO1-768x512.jpg 768w, https:\/\/www.pdparacas.com.pe\/blog\/wp-content\/uploads\/2023\/06\/AIREYRUIDO1-1536x1024.jpg 1536w, https:\/\/www.pdparacas.com.pe\/blog\/wp-content\/uploads\/2023\/06\/AIREYRUIDO1-900x600.jpg 900w, https:\/\/www.pdparacas.com.pe\/blog\/wp-content\/uploads\/2023\/06\/AIREYRUIDO1.jpg 1620w\" sizes=\"(max-width: 1024px) 100vw, 1024px\" \/><img loading=\"lazy\" class=\"aligncenter size-large wp-image-7015\" src=\"http:\/\/www.pdparacas.com.pe\/blog\/wp-content\/uploads\/2023\/06\/AIREYRUIDO2-1024x683.jpg\" alt=\"\" width=\"1024\" height=\"683\" srcset=\"https:\/\/www.pdparacas.com.pe\/blog\/wp-content\/uploads\/2023\/06\/AIREYRUIDO2-1024x683.jpg 1024w, https:\/\/www.pdparacas.com.pe\/blog\/wp-content\/uploads\/2023\/06\/AIREYRUIDO2-300x200.jpg 300w, https:\/\/www.pdparacas.com.pe\/blog\/wp-content\/uploads\/2023\/06\/AIREYRUIDO2-768x512.jpg 768w, https:\/\/www.pdparacas.com.pe\/blog\/wp-content\/uploads\/2023\/06\/AIREYRUIDO2-1536x1024.jpg 1536w, https:\/\/www.pdparacas.com.pe\/blog\/wp-content\/uploads\/2023\/06\/AIREYRUIDO2-900x600.jpg 900w, https:\/\/www.pdparacas.com.pe\/blog\/wp-content\/uploads\/2023\/06\/AIREYRUIDO2.jpg 1620w\" sizes=\"(max-width: 1024px) 100vw, 1024px\" \/><img loading=\"lazy\" class=\"aligncenter size-large wp-image-7016\" src=\"http:\/\/www.pdparacas.com.pe\/blog\/wp-content\/uploads\/2023\/06\/AIREYRUIDO3-1024x683.jpg\" alt=\"\" width=\"1024\" height=\"683\" srcset=\"https:\/\/www.pdparacas.com.pe\/blog\/wp-content\/uploads\/2023\/06\/AIREYRUIDO3-1024x683.jpg 1024w, https:\/\/www.pdparacas.com.pe\/blog\/wp-content\/uploads\/2023\/06\/AIREYRUIDO3-300x200.jpg 300w, https:\/\/www.pdparacas.com.pe\/blog\/wp-content\/uploads\/2023\/06\/AIREYRUIDO3-768x512.jpg 768w, https:\/\/www.pdparacas.com.pe\/blog\/wp-content\/uploads\/2023\/06\/AIREYRUIDO3-1536x1024.jpg 1536w, https:\/\/www.pdparacas.com.pe\/blog\/wp-content\/uploads\/2023\/06\/AIREYRUIDO3-900x600.jpg 900w, https:\/\/www.pdparacas.com.pe\/blog\/wp-content\/uploads\/2023\/06\/AIREYRUIDO3.jpg 1620w\" sizes=\"(max-width: 1024px) 100vw, 1024px\" \/><img loading=\"lazy\" class=\"aligncenter size-large wp-image-7017\" src=\"http:\/\/www.pdparacas.com.pe\/blog\/wp-content\/uploads\/2023\/06\/AIREYRUIDO4-1024x683.jpg\" alt=\"\" width=\"1024\" height=\"683\" srcset=\"https:\/\/www.pdparacas.com.pe\/blog\/wp-content\/uploads\/2023\/06\/AIREYRUIDO4-1024x683.jpg 1024w, https:\/\/www.pdparacas.com.pe\/blog\/wp-content\/uploads\/2023\/06\/AIREYRUIDO4-300x200.jpg 300w, https:\/\/www.pdparacas.com.pe\/blog\/wp-content\/uploads\/2023\/06\/AIREYRUIDO4-768x512.jpg 768w, https:\/\/www.pdparacas.com.pe\/blog\/wp-content\/uploads\/2023\/06\/AIREYRUIDO4-1536x1024.jpg 1536w, https:\/\/www.pdparacas.com.pe\/blog\/wp-content\/uploads\/2023\/06\/AIREYRUIDO4-900x600.jpg 900w, https:\/\/www.pdparacas.com.pe\/blog\/wp-content\/uploads\/2023\/06\/AIREYRUIDO4.jpg 1620w\" sizes=\"(max-width: 1024px) 100vw, 1024px\" \/><\/div>\n<\/div>\n<\/div>\n<\/div>\n<\/div>\n<\/div>\n","protected":false},"excerpt":{"rendered":"<p>EL PUERTO DE PARACAS REALIZ\u00d3 EL MONITOREO AMBIENTAL DE CALIDAD DE AIRE Y RUIDO EN&#8230;<\/p>\n","protected":false},"author":17,"featured_media":7014,"comment_status":"open","ping_status":"open","sticky":false,"template":"","format":"standard","meta":[],"categories":[1],"tags":[],"better_featured_image":{"id":7014,"alt_text":"","caption":"","description":"","media_type":"image","media_details":{"width":1620,"height":1080,"file":"2023\/06\/AIREYRUIDO1.jpg","sizes":{"medium":{"file":"AIREYRUIDO1-300x200.jpg","width":300,"height":200,"mime-type":"image\/jpeg","source_url":"https:\/\/www.pdparacas.com.pe\/blog\/wp-content\/uploads\/2023\/06\/AIREYRUIDO1-300x200.jpg"},"large":{"file":"AIREYRUIDO1-1024x683.jpg","width":1024,"height":683,"mime-type":"image\/jpeg","source_url":"https:\/\/www.pdparacas.com.pe\/blog\/wp-content\/uploads\/2023\/06\/AIREYRUIDO1-1024x683.jpg"},"thumbnail":{"file":"AIREYRUIDO1-150x150.jpg","width":150,"height":150,"mime-type":"image\/jpeg","source_url":"https:\/\/www.pdparacas.com.pe\/blog\/wp-content\/uploads\/2023\/06\/AIREYRUIDO1-150x150.jpg"},"medium_large":{"file":"AIREYRUIDO1-768x512.jpg","width":768,"height":512,"mime-type":"image\/jpeg","source_url":"https:\/\/www.pdparacas.com.pe\/blog\/wp-content\/uploads\/2023\/06\/AIREYRUIDO1-768x512.jpg"},"1536x1536":{"file":"AIREYRUIDO1-1536x1024.jpg","width":1536,"height":1024,"mime-type":"image\/jpeg","source_url":"https:\/\/www.pdparacas.com.pe\/blog\/wp-content\/uploads\/2023\/06\/AIREYRUIDO1-1536x1024.jpg"},"portfolio-thumb":{"file":"AIREYRUIDO1-600x403.jpg","width":600,"height":403,"mime-type":"image\/jpeg","source_url":"https:\/\/www.pdparacas.com.pe\/blog\/wp-content\/uploads\/2023\/06\/AIREYRUIDO1-600x403.jpg"},"portfolio-thumb_small":{"file":"AIREYRUIDO1-400x269.jpg","width":400,"height":269,"mime-type":"image\/jpeg","source_url":"https:\/\/www.pdparacas.com.pe\/blog\/wp-content\/uploads\/2023\/06\/AIREYRUIDO1-400x269.jpg"},"portfolio-widget":{"file":"AIREYRUIDO1-100x100.jpg","width":100,"height":100,"mime-type":"image\/jpeg","source_url":"https:\/\/www.pdparacas.com.pe\/blog\/wp-content\/uploads\/2023\/06\/AIREYRUIDO1-100x100.jpg"},"nectar_small_square":{"file":"AIREYRUIDO1-140x140.jpg","width":140,"height":140,"mime-type":"image\/jpeg","source_url":"https:\/\/www.pdparacas.com.pe\/blog\/wp-content\/uploads\/2023\/06\/AIREYRUIDO1-140x140.jpg"},"wide":{"file":"AIREYRUIDO1-1000x500.jpg","width":1000,"height":500,"mime-type":"image\/jpeg","source_url":"https:\/\/www.pdparacas.com.pe\/blog\/wp-content\/uploads\/2023\/06\/AIREYRUIDO1-1000x500.jpg"},"wide_small":{"file":"AIREYRUIDO1-670x335.jpg","width":670,"height":335,"mime-type":"image\/jpeg","source_url":"https:\/\/www.pdparacas.com.pe\/blog\/wp-content\/uploads\/2023\/06\/AIREYRUIDO1-670x335.jpg"},"regular":{"file":"AIREYRUIDO1-500x500.jpg","width":500,"height":500,"mime-type":"image\/jpeg","source_url":"https:\/\/www.pdparacas.com.pe\/blog\/wp-content\/uploads\/2023\/06\/AIREYRUIDO1-500x500.jpg"},"regular_small":{"file":"AIREYRUIDO1-350x350.jpg","width":350,"height":350,"mime-type":"image\/jpeg","source_url":"https:\/\/www.pdparacas.com.pe\/blog\/wp-content\/uploads\/2023\/06\/AIREYRUIDO1-350x350.jpg"},"tall":{"file":"AIREYRUIDO1-500x1000.jpg","width":500,"height":1000,"mime-type":"image\/jpeg","source_url":"https:\/\/www.pdparacas.com.pe\/blog\/wp-content\/uploads\/2023\/06\/AIREYRUIDO1-500x1000.jpg"},"wide_tall":{"file":"AIREYRUIDO1-1000x1000.jpg","width":1000,"height":1000,"mime-type":"image\/jpeg","source_url":"https:\/\/www.pdparacas.com.pe\/blog\/wp-content\/uploads\/2023\/06\/AIREYRUIDO1-1000x1000.jpg"},"wide_photography":{"file":"AIREYRUIDO1-900x600.jpg","width":900,"height":600,"mime-type":"image\/jpeg","source_url":"https:\/\/www.pdparacas.com.pe\/blog\/wp-content\/uploads\/2023\/06\/AIREYRUIDO1-900x600.jpg"},"large_featured":{"file":"AIREYRUIDO1-1620x700.jpg","width":1620,"height":700,"mime-type":"image\/jpeg","source_url":"https:\/\/www.pdparacas.com.pe\/blog\/wp-content\/uploads\/2023\/06\/AIREYRUIDO1-1620x700.jpg"},"medium_featured":{"file":"AIREYRUIDO1-800x800.jpg","width":800,"height":800,"mime-type":"image\/jpeg","source_url":"https:\/\/www.pdparacas.com.pe\/blog\/wp-content\/uploads\/2023\/06\/AIREYRUIDO1-800x800.jpg"},"img_post":{"file":"AIREYRUIDO1-365x250.jpg","width":365,"height":250,"mime-type":"image\/jpeg","source_url":"https:\/\/www.pdparacas.com.pe\/blog\/wp-content\/uploads\/2023\/06\/AIREYRUIDO1-365x250.jpg"}},"image_meta":{"aperture":"0","credit":"","camera":"","caption":"","created_timestamp":"0","copyright":"","focal_length":"0","iso":"0","shutter_speed":"0","title":"","orientation":"0","keywords":[]}},"post":7013,"source_url":"https:\/\/www.pdparacas.com.pe\/blog\/wp-content\/uploads\/2023\/06\/AIREYRUIDO1.jpg"},"yoast_head":"<!-- This site is optimized with the Yoast SEO plugin v16.8 - https:\/\/yoast.com\/wordpress\/plugins\/seo\/ -->\n<title>\u25b7 EL PUERTO DE PARACAS REALIZ\u00d3 EL MONITOREO AMBIENTAL DE CALIDAD DE AIRE Y RUIDO EN LOS PUNTOS UBICADOS DENTRO DE LA RESERVA NACIONAL DE PARACAS Y LA INSTALACI\u00d3N PORTUARIA.<\/title>\n<meta name=\"description\" content=\"\u25b7 El Puerto de Paracas realiz\u00f3 el monitoreo ambiental de calidad de aire y ruido en los puntos ubicados dentro de la Reserva Nacional de Paracas y la instalaci\u00f3n portuaria. Conoce los detalles en este interesante blog. \u2705\" \/>\n<meta name=\"robots\" content=\"index, follow, max-snippet:-1, max-image-preview:large, max-video-preview:-1\" \/>\n<link rel=\"canonical\" href=\"https:\/\/www.pdparacas.com.pe\/blog\/el-puerto-de-paracas-realizo-el-monitoreo-ambiental-de-calidad-de-aire-y-ruido-en-los-puntos-ubicados-dentro-de-la-reserva-nacional-de-paracas-y-la-instalacion-portuaria\/\" \/>\n<meta property=\"og:locale\" content=\"es_ES\" \/>\n<meta property=\"og:type\" content=\"article\" \/>\n<meta property=\"og:title\" content=\"\u25b7 EL PUERTO DE PARACAS REALIZ\u00d3 EL MONITOREO AMBIENTAL DE CALIDAD DE AIRE Y RUIDO EN LOS PUNTOS UBICADOS DENTRO DE LA RESERVA NACIONAL DE PARACAS Y LA INSTALACI\u00d3N PORTUARIA.\" \/>\n<meta property=\"og:description\" content=\"\u25b7 El Puerto de Paracas realiz\u00f3 el monitoreo ambiental de calidad de aire y ruido en los puntos ubicados dentro de la Reserva Nacional de Paracas y la instalaci\u00f3n portuaria. Conoce los detalles en este interesante blog. \u2705\" \/>\n<meta property=\"og:url\" content=\"https:\/\/www.pdparacas.com.pe\/blog\/el-puerto-de-paracas-realizo-el-monitoreo-ambiental-de-calidad-de-aire-y-ruido-en-los-puntos-ubicados-dentro-de-la-reserva-nacional-de-paracas-y-la-instalacion-portuaria\/\" \/>\n<meta property=\"og:site_name\" content=\"Puerto de Paracas - Blog\" \/>\n<meta property=\"article:published_time\" content=\"2023-06-05T14:57:36+00:00\" \/>\n<meta property=\"article:modified_time\" content=\"2023-06-05T14:58:38+00:00\" \/>\n<meta property=\"og:image\" content=\"http:\/\/www.pdparacas.com.pe\/blog\/wp-content\/uploads\/2023\/06\/AIREYRUIDO1.jpg\" \/>\n\t<meta property=\"og:image:width\" content=\"1620\" \/>\n\t<meta property=\"og:image:height\" content=\"1080\" \/>\n<meta name=\"twitter:card\" content=\"summary_large_image\" \/>\n<meta name=\"twitter:label1\" content=\"Escrito por\" \/>\n\t<meta name=\"twitter:data1\" content=\"Samuel Reyes\" \/>\n\t<meta name=\"twitter:label2\" content=\"Tiempo de lectura\" \/>\n\t<meta name=\"twitter:data2\" content=\"3 minutos\" \/>\n<script type=\"application\/ld+json\" class=\"yoast-schema-graph\">{\"@context\":\"https:\/\/schema.org\",\"@graph\":[{\"@type\":\"WebSite\",\"@id\":\"https:\/\/www.pdparacas.com.pe\/blog\/#website\",\"url\":\"https:\/\/www.pdparacas.com.pe\/blog\/\",\"name\":\"Puerto de Paracas - Blog\",\"description\":\"\",\"potentialAction\":[{\"@type\":\"SearchAction\",\"target\":{\"@type\":\"EntryPoint\",\"urlTemplate\":\"https:\/\/www.pdparacas.com.pe\/blog\/?s={search_term_string}\"},\"query-input\":\"required name=search_term_string\"}],\"inLanguage\":\"es\"},{\"@type\":\"ImageObject\",\"@id\":\"https:\/\/www.pdparacas.com.pe\/blog\/el-puerto-de-paracas-realizo-el-monitoreo-ambiental-de-calidad-de-aire-y-ruido-en-los-puntos-ubicados-dentro-de-la-reserva-nacional-de-paracas-y-la-instalacion-portuaria\/#primaryimage\",\"inLanguage\":\"es\",\"url\":\"https:\/\/www.pdparacas.com.pe\/blog\/wp-content\/uploads\/2023\/06\/AIREYRUIDO1.jpg\",\"contentUrl\":\"https:\/\/www.pdparacas.com.pe\/blog\/wp-content\/uploads\/2023\/06\/AIREYRUIDO1.jpg\",\"width\":1620,\"height\":1080},{\"@type\":\"WebPage\",\"@id\":\"https:\/\/www.pdparacas.com.pe\/blog\/el-puerto-de-paracas-realizo-el-monitoreo-ambiental-de-calidad-de-aire-y-ruido-en-los-puntos-ubicados-dentro-de-la-reserva-nacional-de-paracas-y-la-instalacion-portuaria\/#webpage\",\"url\":\"https:\/\/www.pdparacas.com.pe\/blog\/el-puerto-de-paracas-realizo-el-monitoreo-ambiental-de-calidad-de-aire-y-ruido-en-los-puntos-ubicados-dentro-de-la-reserva-nacional-de-paracas-y-la-instalacion-portuaria\/\",\"name\":\"\\u25b7 EL PUERTO DE PARACAS REALIZ\\u00d3 EL MONITOREO AMBIENTAL DE CALIDAD DE AIRE Y RUIDO EN LOS PUNTOS UBICADOS DENTRO DE LA RESERVA NACIONAL DE PARACAS Y LA INSTALACI\\u00d3N PORTUARIA.\",\"isPartOf\":{\"@id\":\"https:\/\/www.pdparacas.com.pe\/blog\/#website\"},\"primaryImageOfPage\":{\"@id\":\"https:\/\/www.pdparacas.com.pe\/blog\/el-puerto-de-paracas-realizo-el-monitoreo-ambiental-de-calidad-de-aire-y-ruido-en-los-puntos-ubicados-dentro-de-la-reserva-nacional-de-paracas-y-la-instalacion-portuaria\/#primaryimage\"},\"datePublished\":\"2023-06-05T14:57:36+00:00\",\"dateModified\":\"2023-06-05T14:58:38+00:00\",\"author\":{\"@id\":\"https:\/\/www.pdparacas.com.pe\/blog\/#\/schema\/person\/40f4a1f66107d54c1a25d656e7a6ac7f\"},\"description\":\"\\u25b7 El Puerto de Paracas realiz\\u00f3 el monitoreo ambiental de calidad de aire y ruido en los puntos ubicados dentro de la Reserva Nacional de Paracas y la instalaci\\u00f3n portuaria. Conoce los detalles en este interesante blog. \\u2705\",\"breadcrumb\":{\"@id\":\"https:\/\/www.pdparacas.com.pe\/blog\/el-puerto-de-paracas-realizo-el-monitoreo-ambiental-de-calidad-de-aire-y-ruido-en-los-puntos-ubicados-dentro-de-la-reserva-nacional-de-paracas-y-la-instalacion-portuaria\/#breadcrumb\"},\"inLanguage\":\"es\",\"potentialAction\":[{\"@type\":\"ReadAction\",\"target\":[\"https:\/\/www.pdparacas.com.pe\/blog\/el-puerto-de-paracas-realizo-el-monitoreo-ambiental-de-calidad-de-aire-y-ruido-en-los-puntos-ubicados-dentro-de-la-reserva-nacional-de-paracas-y-la-instalacion-portuaria\/\"]}]},{\"@type\":\"BreadcrumbList\",\"@id\":\"https:\/\/www.pdparacas.com.pe\/blog\/el-puerto-de-paracas-realizo-el-monitoreo-ambiental-de-calidad-de-aire-y-ruido-en-los-puntos-ubicados-dentro-de-la-reserva-nacional-de-paracas-y-la-instalacion-portuaria\/#breadcrumb\",\"itemListElement\":[{\"@type\":\"ListItem\",\"position\":1,\"name\":\"Portada\",\"item\":\"https:\/\/www.pdparacas.com.pe\/blog\/\"},{\"@type\":\"ListItem\",\"position\":2,\"name\":\"EL PUERTO DE PARACAS REALIZ\\u00d3 EL MONITOREO AMBIENTAL DE CALIDAD DE AIRE Y RUIDO EN LOS PUNTOS UBICADOS DENTRO DE LA RESERVA NACIONAL DE PARACAS Y LA INSTALACI\\u00d3N PORTUARIA.\"}]},{\"@type\":\"Person\",\"@id\":\"https:\/\/www.pdparacas.com.pe\/blog\/#\/schema\/person\/40f4a1f66107d54c1a25d656e7a6ac7f\",\"name\":\"Samuel Reyes\",\"image\":{\"@type\":\"ImageObject\",\"@id\":\"https:\/\/www.pdparacas.com.pe\/blog\/#personlogo\",\"inLanguage\":\"es\",\"url\":\"https:\/\/secure.gravatar.com\/avatar\/40a2c27a4520da1b7f58e63ff303a47b?s=96&d=mm&r=g\",\"contentUrl\":\"https:\/\/secure.gravatar.com\/avatar\/40a2c27a4520da1b7f58e63ff303a47b?s=96&d=mm&r=g\",\"caption\":\"Samuel Reyes\"},\"url\":\"https:\/\/www.pdparacas.com.pe\/blog\/author\/s-reyespdparacas-com-pe\/\"}]}<\/script>\n<!-- \/ Yoast SEO plugin. -->","yoast_head_json":{"title":"\u25b7 EL PUERTO DE PARACAS REALIZ\u00d3 EL MONITOREO AMBIENTAL DE CALIDAD DE AIRE Y RUIDO EN LOS PUNTOS UBICADOS DENTRO DE LA RESERVA NACIONAL DE PARACAS Y LA INSTALACI\u00d3N PORTUARIA.","description":"\u25b7 El Puerto de Paracas realiz\u00f3 el monitoreo ambiental de calidad de aire y ruido en los puntos ubicados dentro de la Reserva Nacional de Paracas y la instalaci\u00f3n portuaria. Conoce los detalles en este interesante blog. \u2705","robots":{"index":"index","follow":"follow","max-snippet":"max-snippet:-1","max-image-preview":"max-image-preview:large","max-video-preview":"max-video-preview:-1"},"canonical":"https:\/\/www.pdparacas.com.pe\/blog\/el-puerto-de-paracas-realizo-el-monitoreo-ambiental-de-calidad-de-aire-y-ruido-en-los-puntos-ubicados-dentro-de-la-reserva-nacional-de-paracas-y-la-instalacion-portuaria\/","og_locale":"es_ES","og_type":"article","og_title":"\u25b7 EL PUERTO DE PARACAS REALIZ\u00d3 EL MONITOREO AMBIENTAL DE CALIDAD DE AIRE Y RUIDO EN LOS PUNTOS UBICADOS DENTRO DE LA RESERVA NACIONAL DE PARACAS Y LA INSTALACI\u00d3N PORTUARIA.","og_description":"\u25b7 El Puerto de Paracas realiz\u00f3 el monitoreo ambiental de calidad de aire y ruido en los puntos ubicados dentro de la Reserva Nacional de Paracas y la instalaci\u00f3n portuaria. Conoce los detalles en este interesante blog. \u2705","og_url":"https:\/\/www.pdparacas.com.pe\/blog\/el-puerto-de-paracas-realizo-el-monitoreo-ambiental-de-calidad-de-aire-y-ruido-en-los-puntos-ubicados-dentro-de-la-reserva-nacional-de-paracas-y-la-instalacion-portuaria\/","og_site_name":"Puerto de Paracas - Blog","article_published_time":"2023-06-05T14:57:36+00:00","article_modified_time":"2023-06-05T14:58:38+00:00","og_image":[{"width":1620,"height":1080,"url":"http:\/\/www.pdparacas.com.pe\/blog\/wp-content\/uploads\/2023\/06\/AIREYRUIDO1.jpg","path":"\/usr\/share\/nginx\/html\/wp_pdparacas\/blog\/wp-content\/uploads\/2023\/06\/AIREYRUIDO1.jpg","size":"full","id":7014,"alt":"","pixels":1749600,"type":"image\/jpeg"}],"twitter_card":"summary_large_image","twitter_misc":{"Escrito por":"Samuel Reyes","Tiempo de lectura":"3 minutos"},"schema":{"@context":"https:\/\/schema.org","@graph":[{"@type":"WebSite","@id":"https:\/\/www.pdparacas.com.pe\/blog\/#website","url":"https:\/\/www.pdparacas.com.pe\/blog\/","name":"Puerto de Paracas - Blog","description":"","potentialAction":[{"@type":"SearchAction","target":{"@type":"EntryPoint","urlTemplate":"https:\/\/www.pdparacas.com.pe\/blog\/?s={search_term_string}"},"query-input":"required name=search_term_string"}],"inLanguage":"es"},{"@type":"ImageObject","@id":"https:\/\/www.pdparacas.com.pe\/blog\/el-puerto-de-paracas-realizo-el-monitoreo-ambiental-de-calidad-de-aire-y-ruido-en-los-puntos-ubicados-dentro-de-la-reserva-nacional-de-paracas-y-la-instalacion-portuaria\/#primaryimage","inLanguage":"es","url":"https:\/\/www.pdparacas.com.pe\/blog\/wp-content\/uploads\/2023\/06\/AIREYRUIDO1.jpg","contentUrl":"https:\/\/www.pdparacas.com.pe\/blog\/wp-content\/uploads\/2023\/06\/AIREYRUIDO1.jpg","width":1620,"height":1080},{"@type":"WebPage","@id":"https:\/\/www.pdparacas.com.pe\/blog\/el-puerto-de-paracas-realizo-el-monitoreo-ambiental-de-calidad-de-aire-y-ruido-en-los-puntos-ubicados-dentro-de-la-reserva-nacional-de-paracas-y-la-instalacion-portuaria\/#webpage","url":"https:\/\/www.pdparacas.com.pe\/blog\/el-puerto-de-paracas-realizo-el-monitoreo-ambiental-de-calidad-de-aire-y-ruido-en-los-puntos-ubicados-dentro-de-la-reserva-nacional-de-paracas-y-la-instalacion-portuaria\/","name":"\u25b7 EL PUERTO DE PARACAS REALIZ\u00d3 EL MONITOREO AMBIENTAL DE CALIDAD DE AIRE Y RUIDO EN LOS PUNTOS UBICADOS DENTRO DE LA RESERVA NACIONAL DE PARACAS Y LA INSTALACI\u00d3N PORTUARIA.","isPartOf":{"@id":"https:\/\/www.pdparacas.com.pe\/blog\/#website"},"primaryImageOfPage":{"@id":"https:\/\/www.pdparacas.com.pe\/blog\/el-puerto-de-paracas-realizo-el-monitoreo-ambiental-de-calidad-de-aire-y-ruido-en-los-puntos-ubicados-dentro-de-la-reserva-nacional-de-paracas-y-la-instalacion-portuaria\/#primaryimage"},"datePublished":"2023-06-05T14:57:36+00:00","dateModified":"2023-06-05T14:58:38+00:00","author":{"@id":"https:\/\/www.pdparacas.com.pe\/blog\/#\/schema\/person\/40f4a1f66107d54c1a25d656e7a6ac7f"},"description":"\u25b7 El Puerto de Paracas realiz\u00f3 el monitoreo ambiental de calidad de aire y ruido en los puntos ubicados dentro de la Reserva Nacional de Paracas y la instalaci\u00f3n portuaria. Conoce los detalles en este interesante blog. \u2705","breadcrumb":{"@id":"https:\/\/www.pdparacas.com.pe\/blog\/el-puerto-de-paracas-realizo-el-monitoreo-ambiental-de-calidad-de-aire-y-ruido-en-los-puntos-ubicados-dentro-de-la-reserva-nacional-de-paracas-y-la-instalacion-portuaria\/#breadcrumb"},"inLanguage":"es","potentialAction":[{"@type":"ReadAction","target":["https:\/\/www.pdparacas.com.pe\/blog\/el-puerto-de-paracas-realizo-el-monitoreo-ambiental-de-calidad-de-aire-y-ruido-en-los-puntos-ubicados-dentro-de-la-reserva-nacional-de-paracas-y-la-instalacion-portuaria\/"]}]},{"@type":"BreadcrumbList","@id":"https:\/\/www.pdparacas.com.pe\/blog\/el-puerto-de-paracas-realizo-el-monitoreo-ambiental-de-calidad-de-aire-y-ruido-en-los-puntos-ubicados-dentro-de-la-reserva-nacional-de-paracas-y-la-instalacion-portuaria\/#breadcrumb","itemListElement":[{"@type":"ListItem","position":1,"name":"Portada","item":"https:\/\/www.pdparacas.com.pe\/blog\/"},{"@type":"ListItem","position":2,"name":"EL PUERTO DE PARACAS REALIZ\u00d3 EL MONITOREO AMBIENTAL DE CALIDAD DE AIRE Y RUIDO EN LOS PUNTOS UBICADOS DENTRO DE LA RESERVA NACIONAL DE PARACAS Y LA INSTALACI\u00d3N PORTUARIA."}]},{"@type":"Person","@id":"https:\/\/www.pdparacas.com.pe\/blog\/#\/schema\/person\/40f4a1f66107d54c1a25d656e7a6ac7f","name":"Samuel Reyes","image":{"@type":"ImageObject","@id":"https:\/\/www.pdparacas.com.pe\/blog\/#personlogo","inLanguage":"es","url":"https:\/\/secure.gravatar.com\/avatar\/40a2c27a4520da1b7f58e63ff303a47b?s=96&d=mm&r=g","contentUrl":"https:\/\/secure.gravatar.com\/avatar\/40a2c27a4520da1b7f58e63ff303a47b?s=96&d=mm&r=g","caption":"Samuel Reyes"},"url":"https:\/\/www.pdparacas.com.pe\/blog\/author\/s-reyespdparacas-com-pe\/"}]}},"_links":{"self":[{"href":"https:\/\/www.pdparacas.com.pe\/blog\/wp-json\/wp\/v2\/posts\/7013"}],"collection":[{"href":"https:\/\/www.pdparacas.com.pe\/blog\/wp-json\/wp\/v2\/posts"}],"about":[{"href":"https:\/\/www.pdparacas.com.pe\/blog\/wp-json\/wp\/v2\/types\/post"}],"author":[{"embeddable":true,"href":"https:\/\/www.pdparacas.com.pe\/blog\/wp-json\/wp\/v2\/users\/17"}],"replies":[{"embeddable":true,"href":"https:\/\/www.pdparacas.com.pe\/blog\/wp-json\/wp\/v2\/comments?post=7013"}],"version-history":[{"count":1,"href":"https:\/\/www.pdparacas.com.pe\/blog\/wp-json\/wp\/v2\/posts\/7013\/revisions"}],"predecessor-version":[{"id":7018,"href":"https:\/\/www.pdparacas.com.pe\/blog\/wp-json\/wp\/v2\/posts\/7013\/revisions\/7018"}],"wp:featuredmedia":[{"embeddable":true,"href":"https:\/\/www.pdparacas.com.pe\/blog\/wp-json\/wp\/v2\/media\/7014"}],"wp:attachment":[{"href":"https:\/\/www.pdparacas.com.pe\/blog\/wp-json\/wp\/v2\/media?parent=7013"}],"wp:term":[{"taxonomy":"category","embeddable":true,"href":"https:\/\/www.pdparacas.com.pe\/blog\/wp-json\/wp\/v2\/categories?post=7013"},{"taxonomy":"post_tag","embeddable":true,"href":"https:\/\/www.pdparacas.com.pe\/blog\/wp-json\/wp\/v2\/tags?post=7013"}],"curies":[{"name":"wp","href":"https:\/\/api.w.org\/{rel}","templated":true}]}}