{"id":6968,"date":"2023-06-05T13:58:54","date_gmt":"2023-06-05T13:58:54","guid":{"rendered":"https:\/\/www.pdparacas.com.pe\/blog\/?p=6968"},"modified":"2023-06-05T14:10:54","modified_gmt":"2023-06-05T14:10:54","slug":"puerto-de-paracas-realizo-la-descarga-de-18-helices-pertenecientes-al-proyecto-de-generacion-de-energia-eolica-san-juan-de-marcona","status":"publish","type":"post","link":"https:\/\/www.pdparacas.com.pe\/blog\/puerto-de-paracas-realizo-la-descarga-de-18-helices-pertenecientes-al-proyecto-de-generacion-de-energia-eolica-san-juan-de-marcona\/","title":{"rendered":"PUERTO DE PARACAS REALIZ\u00d3 LA DESCARGA DE 18 H\u00c9LICES, PERTENECIENTES AL PROYECTO DE GENERACI\u00d3N DE ENERG\u00cdA E\u00d3LICA SAN JUAN DE MARCONA."},"content":{"rendered":"<p><strong>PUERTO DE PARACAS REALIZ\u00d3 LA DESCARGA DE 18 H\u00c9LICES, PERTENECIENTES AL PROYECTO DE GENERACI\u00d3N DE ENERG\u00cdA E\u00d3LICA SAN JUAN DE MARCONA.<\/strong><\/p>\n<p><strong>Pisco, 4 de mayo de 2023.<\/strong><\/p>\n<div dir=\"auto\">\n<div class=\"xdj266r x11i5rnm xat24cr x1mh8g0r x1vvkbs x126k92a\">\n<div dir=\"auto\">\n<div dir=\"auto\">\n<div dir=\"auto\"><span class=\"x3nfvp2 x1j61x8r x1fcty0u xdj266r xhhsvwb xat24cr xgzva0m xxymvpz xlup9mm x1kky2od\"><img loading=\"lazy\" src=\"https:\/\/static.xx.fbcdn.net\/images\/emoji.php\/v9\/t39\/1\/16\/1f4e2.png\" alt=\"?\" width=\"16\" height=\"16\" \/><\/span>\u00a1LLEGARON 18 H\u00c9LICES A PARACAS!<\/div>\n<div dir=\"auto\"><span class=\"x3nfvp2 x1j61x8r x1fcty0u xdj266r xhhsvwb xat24cr xgzva0m xxymvpz xlup9mm x1kky2od\"><img loading=\"lazy\" src=\"https:\/\/static.xx.fbcdn.net\/images\/emoji.php\/v9\/tac\/1\/16\/1f4cc.png\" alt=\"?\" width=\"16\" height=\"16\" \/><\/span>El Puerto de Paracas realiz\u00f3 la descarga de 18 h\u00e9lices, pertenecientes al proyecto de generaci\u00f3n de energ\u00eda e\u00f3lica San Juan de Marcona en Nazca, el cual constar\u00e1 de 23 aerogeneradores de energ\u00eda limpia que estar\u00e1n conectados al Sistema El\u00e9ctrico Nacional (SEIN). La nave CONDOR BILBAO, de 145 metros de eslora, moviliz\u00f3 los 18 blades, los cuales ser\u00e1n almacenados en el puerto hasta ser trasladados a Marcona (Nazca).<\/div>\n<div dir=\"auto\">\u00a1Puerto de Paracas comprometidos con el desarrollo de la regi\u00f3n y el pa\u00eds!<span class=\"x3nfvp2 x1j61x8r x1fcty0u xdj266r xhhsvwb xat24cr xgzva0m xxymvpz xlup9mm x1kky2od\"><img loading=\"lazy\" src=\"https:\/\/static.xx.fbcdn.net\/images\/emoji.php\/v9\/t5c\/1\/16\/1f477_200d_2642.png\" alt=\"?\u200d\u2642\ufe0f\" width=\"16\" height=\"16\" \/><\/span><span class=\"x3nfvp2 x1j61x8r x1fcty0u xdj266r xhhsvwb xat24cr xgzva0m xxymvpz xlup9mm x1kky2od\"><img loading=\"lazy\" src=\"https:\/\/static.xx.fbcdn.net\/images\/emoji.php\/v9\/t69\/1\/16\/1f331.png\" alt=\"?\" width=\"16\" height=\"16\" \/><\/span><span class=\"x3nfvp2 x1j61x8r x1fcty0u xdj266r xhhsvwb xat24cr xgzva0m xxymvpz xlup9mm x1kky2od\"><img loading=\"lazy\" src=\"https:\/\/static.xx.fbcdn.net\/images\/emoji.php\/v9\/tc0\/1\/16\/1f30e.png\" alt=\"?\" width=\"16\" height=\"16\" \/><\/span><\/div>\n<div dir=\"auto\"><\/div>\n<div dir=\"auto\">#PuertodeParacas<\/div>\n<div dir=\"auto\">#PuertoModernoYSeguro<\/div>\n<div dir=\"auto\">#SanJuanDeMarcona<\/div>\n<div dir=\"auto\">#DesarrolloSostenible<\/div>\n<div dir=\"auto\">#Energ\u00edaLimpia<\/div>\n<\/div>\n<div dir=\"auto\"><\/div>\n<div dir=\"auto\"><\/div>\n<\/div>\n<\/div>\n<\/div>\n<p><img loading=\"lazy\" class=\"aligncenter wp-image-6969\" src=\"http:\/\/www.pdparacas.com.pe\/blog\/wp-content\/uploads\/2023\/06\/18HELICES1.png\" alt=\"\" width=\"811\" height=\"517\" \/><img loading=\"lazy\" class=\"aligncenter wp-image-6970\" src=\"http:\/\/www.pdparacas.com.pe\/blog\/wp-content\/uploads\/2023\/06\/18HELICES2-1024x683.png\" alt=\"\" width=\"811\" height=\"523\" \/><img loading=\"lazy\" class=\"aligncenter wp-image-6971\" src=\"http:\/\/www.pdparacas.com.pe\/blog\/wp-content\/uploads\/2023\/06\/18HELICES3-1024x683.png\" alt=\"\" width=\"806\" height=\"523\" \/><img loading=\"lazy\" class=\"aligncenter wp-image-6972\" src=\"http:\/\/www.pdparacas.com.pe\/blog\/wp-content\/uploads\/2023\/06\/18HELICES4-1024x683.png\" alt=\"\" width=\"805\" height=\"544\" \/><\/p>\n","protected":false},"excerpt":{"rendered":"<p>PUERTO DE PARACAS REALIZ\u00d3 LA DESCARGA DE 18 H\u00c9LICES, PERTENECIENTES AL PROYECTO DE GENERACI\u00d3N DE&#8230;<\/p>\n","protected":false},"author":17,"featured_media":6972,"comment_status":"open","ping_status":"open","sticky":false,"template":"","format":"standard","meta":[],"categories":[1],"tags":[],"better_featured_image":{"id":6972,"alt_text":"","caption":"","description":"","media_type":"image","media_details":{"width":1620,"height":1080,"file":"2023\/06\/18HELICES4.png","sizes":{"medium":{"file":"18HELICES4-300x200.png","width":300,"height":200,"mime-type":"image\/png","source_url":"https:\/\/www.pdparacas.com.pe\/blog\/wp-content\/uploads\/2023\/06\/18HELICES4-300x200.png"},"large":{"file":"18HELICES4-1024x683.png","width":1024,"height":683,"mime-type":"image\/png","source_url":"https:\/\/www.pdparacas.com.pe\/blog\/wp-content\/uploads\/2023\/06\/18HELICES4-1024x683.png"},"thumbnail":{"file":"18HELICES4-150x150.png","width":150,"height":150,"mime-type":"image\/png","source_url":"https:\/\/www.pdparacas.com.pe\/blog\/wp-content\/uploads\/2023\/06\/18HELICES4-150x150.png"},"medium_large":{"file":"18HELICES4-768x512.png","width":768,"height":512,"mime-type":"image\/png","source_url":"https:\/\/www.pdparacas.com.pe\/blog\/wp-content\/uploads\/2023\/06\/18HELICES4-768x512.png"},"1536x1536":{"file":"18HELICES4-1536x1024.png","width":1536,"height":1024,"mime-type":"image\/png","source_url":"https:\/\/www.pdparacas.com.pe\/blog\/wp-content\/uploads\/2023\/06\/18HELICES4-1536x1024.png"},"portfolio-thumb":{"file":"18HELICES4-600x403.png","width":600,"height":403,"mime-type":"image\/png","source_url":"https:\/\/www.pdparacas.com.pe\/blog\/wp-content\/uploads\/2023\/06\/18HELICES4-600x403.png"},"portfolio-thumb_small":{"file":"18HELICES4-400x269.png","width":400,"height":269,"mime-type":"image\/png","source_url":"https:\/\/www.pdparacas.com.pe\/blog\/wp-content\/uploads\/2023\/06\/18HELICES4-400x269.png"},"portfolio-widget":{"file":"18HELICES4-100x100.png","width":100,"height":100,"mime-type":"image\/png","source_url":"https:\/\/www.pdparacas.com.pe\/blog\/wp-content\/uploads\/2023\/06\/18HELICES4-100x100.png"},"nectar_small_square":{"file":"18HELICES4-140x140.png","width":140,"height":140,"mime-type":"image\/png","source_url":"https:\/\/www.pdparacas.com.pe\/blog\/wp-content\/uploads\/2023\/06\/18HELICES4-140x140.png"},"wide":{"file":"18HELICES4-1000x500.png","width":1000,"height":500,"mime-type":"image\/png","source_url":"https:\/\/www.pdparacas.com.pe\/blog\/wp-content\/uploads\/2023\/06\/18HELICES4-1000x500.png"},"wide_small":{"file":"18HELICES4-670x335.png","width":670,"height":335,"mime-type":"image\/png","source_url":"https:\/\/www.pdparacas.com.pe\/blog\/wp-content\/uploads\/2023\/06\/18HELICES4-670x335.png"},"regular":{"file":"18HELICES4-500x500.png","width":500,"height":500,"mime-type":"image\/png","source_url":"https:\/\/www.pdparacas.com.pe\/blog\/wp-content\/uploads\/2023\/06\/18HELICES4-500x500.png"},"regular_small":{"file":"18HELICES4-350x350.png","width":350,"height":350,"mime-type":"image\/png","source_url":"https:\/\/www.pdparacas.com.pe\/blog\/wp-content\/uploads\/2023\/06\/18HELICES4-350x350.png"},"tall":{"file":"18HELICES4-500x1000.png","width":500,"height":1000,"mime-type":"image\/png","source_url":"https:\/\/www.pdparacas.com.pe\/blog\/wp-content\/uploads\/2023\/06\/18HELICES4-500x1000.png"},"wide_tall":{"file":"18HELICES4-1000x1000.png","width":1000,"height":1000,"mime-type":"image\/png","source_url":"https:\/\/www.pdparacas.com.pe\/blog\/wp-content\/uploads\/2023\/06\/18HELICES4-1000x1000.png"},"wide_photography":{"file":"18HELICES4-900x600.png","width":900,"height":600,"mime-type":"image\/png","source_url":"https:\/\/www.pdparacas.com.pe\/blog\/wp-content\/uploads\/2023\/06\/18HELICES4-900x600.png"},"large_featured":{"file":"18HELICES4-1620x700.png","width":1620,"height":700,"mime-type":"image\/png","source_url":"https:\/\/www.pdparacas.com.pe\/blog\/wp-content\/uploads\/2023\/06\/18HELICES4-1620x700.png"},"medium_featured":{"file":"18HELICES4-800x800.png","width":800,"height":800,"mime-type":"image\/png","source_url":"https:\/\/www.pdparacas.com.pe\/blog\/wp-content\/uploads\/2023\/06\/18HELICES4-800x800.png"},"img_post":{"file":"18HELICES4-365x250.png","width":365,"height":250,"mime-type":"image\/png","source_url":"https:\/\/www.pdparacas.com.pe\/blog\/wp-content\/uploads\/2023\/06\/18HELICES4-365x250.png"}},"image_meta":{"aperture":"0","credit":"","camera":"","caption":"","created_timestamp":"0","copyright":"","focal_length":"0","iso":"0","shutter_speed":"0","title":"","orientation":"0","keywords":[]}},"post":6968,"source_url":"https:\/\/www.pdparacas.com.pe\/blog\/wp-content\/uploads\/2023\/06\/18HELICES4.png"},"yoast_head":"<!-- This site is optimized with the Yoast SEO plugin v16.8 - https:\/\/yoast.com\/wordpress\/plugins\/seo\/ -->\n<title>\u25b7 PUERTO DE PARACAS REALIZ\u00d3 LA DESCARGA DE 18 H\u00c9LICES, PERTENECIENTES AL PROYECTO DE GENERACI\u00d3N DE ENERG\u00cdA E\u00d3LICA SAN JUAN DE MARCONA.<\/title>\n<meta name=\"description\" content=\"\u25b7 Puerto de Paracas realiz\u00f3 la descarga de 18 h\u00e9lices pertenecientes al proyecto de generaci\u00f3n de energ\u00eda e\u00f3lica San Juan de Marcona. Conoce los detalles en este interesante blog. \u2705\" \/>\n<meta name=\"robots\" content=\"index, follow, max-snippet:-1, max-image-preview:large, max-video-preview:-1\" \/>\n<link rel=\"canonical\" href=\"https:\/\/www.pdparacas.com.pe\/blog\/puerto-de-paracas-realizo-la-descarga-de-18-helices-pertenecientes-al-proyecto-de-generacion-de-energia-eolica-san-juan-de-marcona\/\" \/>\n<meta property=\"og:locale\" content=\"es_ES\" \/>\n<meta property=\"og:type\" content=\"article\" \/>\n<meta property=\"og:title\" content=\"\u25b7 PUERTO DE PARACAS REALIZ\u00d3 LA DESCARGA DE 18 H\u00c9LICES, PERTENECIENTES AL PROYECTO DE GENERACI\u00d3N DE ENERG\u00cdA E\u00d3LICA SAN JUAN DE MARCONA.\" \/>\n<meta property=\"og:description\" content=\"\u25b7 Puerto de Paracas realiz\u00f3 la descarga de 18 h\u00e9lices pertenecientes al proyecto de generaci\u00f3n de energ\u00eda e\u00f3lica San Juan de Marcona. Conoce los detalles en este interesante blog. \u2705\" \/>\n<meta property=\"og:url\" content=\"https:\/\/www.pdparacas.com.pe\/blog\/puerto-de-paracas-realizo-la-descarga-de-18-helices-pertenecientes-al-proyecto-de-generacion-de-energia-eolica-san-juan-de-marcona\/\" \/>\n<meta property=\"og:site_name\" content=\"Puerto de Paracas - Blog\" \/>\n<meta property=\"article:published_time\" content=\"2023-06-05T13:58:54+00:00\" \/>\n<meta property=\"article:modified_time\" content=\"2023-06-05T14:10:54+00:00\" \/>\n<meta property=\"og:image\" content=\"http:\/\/www.pdparacas.com.pe\/blog\/wp-content\/uploads\/2023\/06\/18HELICES4-1024x683.png\" \/>\n\t<meta property=\"og:image:width\" content=\"1024\" \/>\n\t<meta property=\"og:image:height\" content=\"683\" \/>\n<meta name=\"twitter:card\" content=\"summary_large_image\" \/>\n<meta name=\"twitter:label1\" content=\"Escrito por\" \/>\n\t<meta name=\"twitter:data1\" content=\"Samuel Reyes\" \/>\n\t<meta name=\"twitter:label2\" content=\"Tiempo de lectura\" \/>\n\t<meta name=\"twitter:data2\" content=\"3 minutos\" \/>\n<script type=\"application\/ld+json\" class=\"yoast-schema-graph\">{\"@context\":\"https:\/\/schema.org\",\"@graph\":[{\"@type\":\"WebSite\",\"@id\":\"https:\/\/www.pdparacas.com.pe\/blog\/#website\",\"url\":\"https:\/\/www.pdparacas.com.pe\/blog\/\",\"name\":\"Puerto de Paracas - Blog\",\"description\":\"\",\"potentialAction\":[{\"@type\":\"SearchAction\",\"target\":{\"@type\":\"EntryPoint\",\"urlTemplate\":\"https:\/\/www.pdparacas.com.pe\/blog\/?s={search_term_string}\"},\"query-input\":\"required name=search_term_string\"}],\"inLanguage\":\"es\"},{\"@type\":\"ImageObject\",\"@id\":\"https:\/\/www.pdparacas.com.pe\/blog\/puerto-de-paracas-realizo-la-descarga-de-18-helices-pertenecientes-al-proyecto-de-generacion-de-energia-eolica-san-juan-de-marcona\/#primaryimage\",\"inLanguage\":\"es\",\"url\":\"https:\/\/www.pdparacas.com.pe\/blog\/wp-content\/uploads\/2023\/06\/18HELICES4.png\",\"contentUrl\":\"https:\/\/www.pdparacas.com.pe\/blog\/wp-content\/uploads\/2023\/06\/18HELICES4.png\",\"width\":1620,\"height\":1080},{\"@type\":\"WebPage\",\"@id\":\"https:\/\/www.pdparacas.com.pe\/blog\/puerto-de-paracas-realizo-la-descarga-de-18-helices-pertenecientes-al-proyecto-de-generacion-de-energia-eolica-san-juan-de-marcona\/#webpage\",\"url\":\"https:\/\/www.pdparacas.com.pe\/blog\/puerto-de-paracas-realizo-la-descarga-de-18-helices-pertenecientes-al-proyecto-de-generacion-de-energia-eolica-san-juan-de-marcona\/\",\"name\":\"\\u25b7 PUERTO DE PARACAS REALIZ\\u00d3 LA DESCARGA DE 18 H\\u00c9LICES, PERTENECIENTES AL PROYECTO DE GENERACI\\u00d3N DE ENERG\\u00cdA E\\u00d3LICA SAN JUAN DE MARCONA.\",\"isPartOf\":{\"@id\":\"https:\/\/www.pdparacas.com.pe\/blog\/#website\"},\"primaryImageOfPage\":{\"@id\":\"https:\/\/www.pdparacas.com.pe\/blog\/puerto-de-paracas-realizo-la-descarga-de-18-helices-pertenecientes-al-proyecto-de-generacion-de-energia-eolica-san-juan-de-marcona\/#primaryimage\"},\"datePublished\":\"2023-06-05T13:58:54+00:00\",\"dateModified\":\"2023-06-05T14:10:54+00:00\",\"author\":{\"@id\":\"https:\/\/www.pdparacas.com.pe\/blog\/#\/schema\/person\/40f4a1f66107d54c1a25d656e7a6ac7f\"},\"description\":\"\\u25b7 Puerto de Paracas realiz\\u00f3 la descarga de 18 h\\u00e9lices pertenecientes al proyecto de generaci\\u00f3n de energ\\u00eda e\\u00f3lica San Juan de Marcona. Conoce los detalles en este interesante blog. \\u2705\",\"breadcrumb\":{\"@id\":\"https:\/\/www.pdparacas.com.pe\/blog\/puerto-de-paracas-realizo-la-descarga-de-18-helices-pertenecientes-al-proyecto-de-generacion-de-energia-eolica-san-juan-de-marcona\/#breadcrumb\"},\"inLanguage\":\"es\",\"potentialAction\":[{\"@type\":\"ReadAction\",\"target\":[\"https:\/\/www.pdparacas.com.pe\/blog\/puerto-de-paracas-realizo-la-descarga-de-18-helices-pertenecientes-al-proyecto-de-generacion-de-energia-eolica-san-juan-de-marcona\/\"]}]},{\"@type\":\"BreadcrumbList\",\"@id\":\"https:\/\/www.pdparacas.com.pe\/blog\/puerto-de-paracas-realizo-la-descarga-de-18-helices-pertenecientes-al-proyecto-de-generacion-de-energia-eolica-san-juan-de-marcona\/#breadcrumb\",\"itemListElement\":[{\"@type\":\"ListItem\",\"position\":1,\"name\":\"Portada\",\"item\":\"https:\/\/www.pdparacas.com.pe\/blog\/\"},{\"@type\":\"ListItem\",\"position\":2,\"name\":\"PUERTO DE PARACAS REALIZ\\u00d3 LA DESCARGA DE 18 H\\u00c9LICES, PERTENECIENTES AL PROYECTO DE GENERACI\\u00d3N DE ENERG\\u00cdA E\\u00d3LICA SAN JUAN DE MARCONA.\"}]},{\"@type\":\"Person\",\"@id\":\"https:\/\/www.pdparacas.com.pe\/blog\/#\/schema\/person\/40f4a1f66107d54c1a25d656e7a6ac7f\",\"name\":\"Samuel Reyes\",\"image\":{\"@type\":\"ImageObject\",\"@id\":\"https:\/\/www.pdparacas.com.pe\/blog\/#personlogo\",\"inLanguage\":\"es\",\"url\":\"https:\/\/secure.gravatar.com\/avatar\/40a2c27a4520da1b7f58e63ff303a47b?s=96&d=mm&r=g\",\"contentUrl\":\"https:\/\/secure.gravatar.com\/avatar\/40a2c27a4520da1b7f58e63ff303a47b?s=96&d=mm&r=g\",\"caption\":\"Samuel Reyes\"},\"url\":\"https:\/\/www.pdparacas.com.pe\/blog\/author\/s-reyespdparacas-com-pe\/\"}]}<\/script>\n<!-- \/ Yoast SEO plugin. -->","yoast_head_json":{"title":"\u25b7 PUERTO DE PARACAS REALIZ\u00d3 LA DESCARGA DE 18 H\u00c9LICES, PERTENECIENTES AL PROYECTO DE GENERACI\u00d3N DE ENERG\u00cdA E\u00d3LICA SAN JUAN DE MARCONA.","description":"\u25b7 Puerto de Paracas realiz\u00f3 la descarga de 18 h\u00e9lices pertenecientes al proyecto de generaci\u00f3n de energ\u00eda e\u00f3lica San Juan de Marcona. Conoce los detalles en este interesante blog. \u2705","robots":{"index":"index","follow":"follow","max-snippet":"max-snippet:-1","max-image-preview":"max-image-preview:large","max-video-preview":"max-video-preview:-1"},"canonical":"https:\/\/www.pdparacas.com.pe\/blog\/puerto-de-paracas-realizo-la-descarga-de-18-helices-pertenecientes-al-proyecto-de-generacion-de-energia-eolica-san-juan-de-marcona\/","og_locale":"es_ES","og_type":"article","og_title":"\u25b7 PUERTO DE PARACAS REALIZ\u00d3 LA DESCARGA DE 18 H\u00c9LICES, PERTENECIENTES AL PROYECTO DE GENERACI\u00d3N DE ENERG\u00cdA E\u00d3LICA SAN JUAN DE MARCONA.","og_description":"\u25b7 Puerto de Paracas realiz\u00f3 la descarga de 18 h\u00e9lices pertenecientes al proyecto de generaci\u00f3n de energ\u00eda e\u00f3lica San Juan de Marcona. Conoce los detalles en este interesante blog. \u2705","og_url":"https:\/\/www.pdparacas.com.pe\/blog\/puerto-de-paracas-realizo-la-descarga-de-18-helices-pertenecientes-al-proyecto-de-generacion-de-energia-eolica-san-juan-de-marcona\/","og_site_name":"Puerto de Paracas - Blog","article_published_time":"2023-06-05T13:58:54+00:00","article_modified_time":"2023-06-05T14:10:54+00:00","og_image":[{"width":1024,"height":683,"path":"2023\/06\/18HELICES4-1024x683.png","url":"http:\/\/www.pdparacas.com.pe\/blog\/wp-content\/uploads\/2023\/06\/18HELICES4-1024x683.png","size":"large","id":6972,"alt":"","pixels":699392,"type":"image\/png"}],"twitter_card":"summary_large_image","twitter_misc":{"Escrito por":"Samuel Reyes","Tiempo de lectura":"3 minutos"},"schema":{"@context":"https:\/\/schema.org","@graph":[{"@type":"WebSite","@id":"https:\/\/www.pdparacas.com.pe\/blog\/#website","url":"https:\/\/www.pdparacas.com.pe\/blog\/","name":"Puerto de Paracas - Blog","description":"","potentialAction":[{"@type":"SearchAction","target":{"@type":"EntryPoint","urlTemplate":"https:\/\/www.pdparacas.com.pe\/blog\/?s={search_term_string}"},"query-input":"required name=search_term_string"}],"inLanguage":"es"},{"@type":"ImageObject","@id":"https:\/\/www.pdparacas.com.pe\/blog\/puerto-de-paracas-realizo-la-descarga-de-18-helices-pertenecientes-al-proyecto-de-generacion-de-energia-eolica-san-juan-de-marcona\/#primaryimage","inLanguage":"es","url":"https:\/\/www.pdparacas.com.pe\/blog\/wp-content\/uploads\/2023\/06\/18HELICES4.png","contentUrl":"https:\/\/www.pdparacas.com.pe\/blog\/wp-content\/uploads\/2023\/06\/18HELICES4.png","width":1620,"height":1080},{"@type":"WebPage","@id":"https:\/\/www.pdparacas.com.pe\/blog\/puerto-de-paracas-realizo-la-descarga-de-18-helices-pertenecientes-al-proyecto-de-generacion-de-energia-eolica-san-juan-de-marcona\/#webpage","url":"https:\/\/www.pdparacas.com.pe\/blog\/puerto-de-paracas-realizo-la-descarga-de-18-helices-pertenecientes-al-proyecto-de-generacion-de-energia-eolica-san-juan-de-marcona\/","name":"\u25b7 PUERTO DE PARACAS REALIZ\u00d3 LA DESCARGA DE 18 H\u00c9LICES, PERTENECIENTES AL PROYECTO DE GENERACI\u00d3N DE ENERG\u00cdA E\u00d3LICA SAN JUAN DE MARCONA.","isPartOf":{"@id":"https:\/\/www.pdparacas.com.pe\/blog\/#website"},"primaryImageOfPage":{"@id":"https:\/\/www.pdparacas.com.pe\/blog\/puerto-de-paracas-realizo-la-descarga-de-18-helices-pertenecientes-al-proyecto-de-generacion-de-energia-eolica-san-juan-de-marcona\/#primaryimage"},"datePublished":"2023-06-05T13:58:54+00:00","dateModified":"2023-06-05T14:10:54+00:00","author":{"@id":"https:\/\/www.pdparacas.com.pe\/blog\/#\/schema\/person\/40f4a1f66107d54c1a25d656e7a6ac7f"},"description":"\u25b7 Puerto de Paracas realiz\u00f3 la descarga de 18 h\u00e9lices pertenecientes al proyecto de generaci\u00f3n de energ\u00eda e\u00f3lica San Juan de Marcona. Conoce los detalles en este interesante blog. \u2705","breadcrumb":{"@id":"https:\/\/www.pdparacas.com.pe\/blog\/puerto-de-paracas-realizo-la-descarga-de-18-helices-pertenecientes-al-proyecto-de-generacion-de-energia-eolica-san-juan-de-marcona\/#breadcrumb"},"inLanguage":"es","potentialAction":[{"@type":"ReadAction","target":["https:\/\/www.pdparacas.com.pe\/blog\/puerto-de-paracas-realizo-la-descarga-de-18-helices-pertenecientes-al-proyecto-de-generacion-de-energia-eolica-san-juan-de-marcona\/"]}]},{"@type":"BreadcrumbList","@id":"https:\/\/www.pdparacas.com.pe\/blog\/puerto-de-paracas-realizo-la-descarga-de-18-helices-pertenecientes-al-proyecto-de-generacion-de-energia-eolica-san-juan-de-marcona\/#breadcrumb","itemListElement":[{"@type":"ListItem","position":1,"name":"Portada","item":"https:\/\/www.pdparacas.com.pe\/blog\/"},{"@type":"ListItem","position":2,"name":"PUERTO DE PARACAS REALIZ\u00d3 LA DESCARGA DE 18 H\u00c9LICES, PERTENECIENTES AL PROYECTO DE GENERACI\u00d3N DE ENERG\u00cdA E\u00d3LICA SAN JUAN DE MARCONA."}]},{"@type":"Person","@id":"https:\/\/www.pdparacas.com.pe\/blog\/#\/schema\/person\/40f4a1f66107d54c1a25d656e7a6ac7f","name":"Samuel Reyes","image":{"@type":"ImageObject","@id":"https:\/\/www.pdparacas.com.pe\/blog\/#personlogo","inLanguage":"es","url":"https:\/\/secure.gravatar.com\/avatar\/40a2c27a4520da1b7f58e63ff303a47b?s=96&d=mm&r=g","contentUrl":"https:\/\/secure.gravatar.com\/avatar\/40a2c27a4520da1b7f58e63ff303a47b?s=96&d=mm&r=g","caption":"Samuel Reyes"},"url":"https:\/\/www.pdparacas.com.pe\/blog\/author\/s-reyespdparacas-com-pe\/"}]}},"_links":{"self":[{"href":"https:\/\/www.pdparacas.com.pe\/blog\/wp-json\/wp\/v2\/posts\/6968"}],"collection":[{"href":"https:\/\/www.pdparacas.com.pe\/blog\/wp-json\/wp\/v2\/posts"}],"about":[{"href":"https:\/\/www.pdparacas.com.pe\/blog\/wp-json\/wp\/v2\/types\/post"}],"author":[{"embeddable":true,"href":"https:\/\/www.pdparacas.com.pe\/blog\/wp-json\/wp\/v2\/users\/17"}],"replies":[{"embeddable":true,"href":"https:\/\/www.pdparacas.com.pe\/blog\/wp-json\/wp\/v2\/comments?post=6968"}],"version-history":[{"count":2,"href":"https:\/\/www.pdparacas.com.pe\/blog\/wp-json\/wp\/v2\/posts\/6968\/revisions"}],"predecessor-version":[{"id":6981,"href":"https:\/\/www.pdparacas.com.pe\/blog\/wp-json\/wp\/v2\/posts\/6968\/revisions\/6981"}],"wp:featuredmedia":[{"embeddable":true,"href":"https:\/\/www.pdparacas.com.pe\/blog\/wp-json\/wp\/v2\/media\/6972"}],"wp:attachment":[{"href":"https:\/\/www.pdparacas.com.pe\/blog\/wp-json\/wp\/v2\/media?parent=6968"}],"wp:term":[{"taxonomy":"category","embeddable":true,"href":"https:\/\/www.pdparacas.com.pe\/blog\/wp-json\/wp\/v2\/categories?post=6968"},{"taxonomy":"post_tag","embeddable":true,"href":"https:\/\/www.pdparacas.com.pe\/blog\/wp-json\/wp\/v2\/tags?post=6968"}],"curies":[{"name":"wp","href":"https:\/\/api.w.org\/{rel}","templated":true}]}}