{"id":6709,"date":"2023-02-01T15:32:11","date_gmt":"2023-02-01T15:32:11","guid":{"rendered":"https:\/\/www.pdparacas.com.pe\/blog\/?p=6709"},"modified":"2023-02-01T15:49:41","modified_gmt":"2023-02-01T15:49:41","slug":"cruceros-cancelan-escalas-al-puerto-de-paracas-debido-a-protestas-sociales-en-el-peru","status":"publish","type":"post","link":"https:\/\/www.pdparacas.com.pe\/blog\/cruceros-cancelan-escalas-al-puerto-de-paracas-debido-a-protestas-sociales-en-el-peru\/","title":{"rendered":"CRUCEROS CANCELAN ESCALAS AL PUERTO DE PARACAS DEBIDO A PROTESTAS SOCIALES EN EL PER\u00da"},"content":{"rendered":"<p><strong>CRUCEROS CANCELAN ESCALAS AL PUERTO DE PARACAS DEBIDO A PROTESTAS SOCIALES EN EL PER\u00da.<\/strong><\/p>\n<div class=\"x11i5rnm xat24cr x1mh8g0r x1vvkbs xdj266r x126k92a\">\n<div dir=\"auto\">\n<div class=\"x11i5rnm xat24cr x1mh8g0r x1vvkbs xdj266r x126k92a\">\n<div dir=\"auto\">\n<div class=\"x11i5rnm xat24cr x1mh8g0r x1vvkbs xdj266r x126k92a\">\n<div dir=\"auto\">\n<div dir=\"auto\">\n<div dir=\"auto\">\n<div class=\"x11i5rnm xat24cr x1mh8g0r x1vvkbs xdj266r x126k92a\">\n<div dir=\"auto\">\n<div class=\"x11i5rnm xat24cr x1mh8g0r x1vvkbs xdj266r x126k92a\">\n<div dir=\"auto\">\n<div dir=\"auto\">\n<div class=\"x11i5rnm xat24cr x1mh8g0r x1vvkbs xdj266r x126k92a\">\n<div dir=\"auto\">\n<div class=\"x11i5rnm xat24cr x1mh8g0r x1vvkbs xdj266r x126k92a\">\n<div dir=\"auto\">\n<p><strong style=\"font-style: inherit;\">Pisco, 25 de enero del 2023.<\/strong><\/p>\n<\/div>\n<\/div>\n<p>Tres cruceros cancelaron sus escalas al <strong>Puerto de Paracas<\/strong> como consecuencia de las protestas sociales que se est\u00e1n desarrollando en el Per\u00fa, lo que impidi\u00f3 el desembarque de 1.720 pasajeros.<\/p>\n<\/div>\n<\/div>\n<p>Los cruceros que ya han omitido su paso por el Puerto de Paracas fueron el Seabourn Quest y el Silver Moon, los que navegaron directamente a Chile. Mientras que el tercero, el Oceania Insignia, estaba programado para el 2 de febrero.<\/p>\n<div class=\"x11i5rnm xat24cr x1mh8g0r x1vvkbs xdj266r x126k92a\">\n<div dir=\"auto\">\n<div class=\"x11i5rnm xat24cr x1mh8g0r x1vvkbs xdj266r x126k92a\">\n<div dir=\"auto\">\n<p><strong>Conoce terminal Portuario Paracas<\/strong><\/p>\n<\/div>\n<\/div>\n<\/div>\n<\/div>\n<\/div>\n<\/div>\n<\/div>\n<\/div>\n<\/div>\n<\/div>\n<\/div>\n<\/div>\n<\/div>\n<\/div>\n<div dir=\"auto\">\n<p>Conoce nuestro\u00a0<a href=\"http:\/\/www.pdparacas.com.pe\/blog\/category\/compromiso-socioambiental\/\"><strong>compromiso socioambiental<\/strong><\/a> y trabaja con una empresa multiprop\u00f3sito, cumpliendo con los mejores est\u00e1ndares t\u00e9cnicos, sociales y ambientales.<\/p>\n<\/div>\n<\/div>\n<\/div>\n<\/div>\n<p>&nbsp;<\/p>\n<p>&nbsp;<\/p>\n<p><img loading=\"lazy\" class=\"aligncenter size-large wp-image-6710\" src=\"http:\/\/www.pdparacas.com.pe\/blog\/wp-content\/uploads\/2023\/02\/cancelacion-de-cruceros-1024x1024.png\" alt=\"\" width=\"1024\" height=\"1024\" srcset=\"https:\/\/www.pdparacas.com.pe\/blog\/wp-content\/uploads\/2023\/02\/cancelacion-de-cruceros-1024x1024.png 1024w, https:\/\/www.pdparacas.com.pe\/blog\/wp-content\/uploads\/2023\/02\/cancelacion-de-cruceros-300x300.png 300w, https:\/\/www.pdparacas.com.pe\/blog\/wp-content\/uploads\/2023\/02\/cancelacion-de-cruceros-150x150.png 150w, https:\/\/www.pdparacas.com.pe\/blog\/wp-content\/uploads\/2023\/02\/cancelacion-de-cruceros-768x768.png 768w, https:\/\/www.pdparacas.com.pe\/blog\/wp-content\/uploads\/2023\/02\/cancelacion-de-cruceros-100x100.png 100w, https:\/\/www.pdparacas.com.pe\/blog\/wp-content\/uploads\/2023\/02\/cancelacion-de-cruceros-140x140.png 140w, https:\/\/www.pdparacas.com.pe\/blog\/wp-content\/uploads\/2023\/02\/cancelacion-de-cruceros-500x500.png 500w, https:\/\/www.pdparacas.com.pe\/blog\/wp-content\/uploads\/2023\/02\/cancelacion-de-cruceros-350x350.png 350w, https:\/\/www.pdparacas.com.pe\/blog\/wp-content\/uploads\/2023\/02\/cancelacion-de-cruceros-1000x1000.png 1000w, https:\/\/www.pdparacas.com.pe\/blog\/wp-content\/uploads\/2023\/02\/cancelacion-de-cruceros-800x800.png 800w, https:\/\/www.pdparacas.com.pe\/blog\/wp-content\/uploads\/2023\/02\/cancelacion-de-cruceros.png 1080w\" sizes=\"(max-width: 1024px) 100vw, 1024px\" \/><\/p>\n","protected":false},"excerpt":{"rendered":"<p>CRUCEROS CANCELAN ESCALAS AL PUERTO DE PARACAS DEBIDO A PROTESTAS SOCIALES EN EL PER\u00da. Pisco,&#8230;<\/p>\n","protected":false},"author":17,"featured_media":6710,"comment_status":"open","ping_status":"open","sticky":false,"template":"","format":"standard","meta":[],"categories":[1],"tags":[37,38],"better_featured_image":{"id":6710,"alt_text":"","caption":"","description":"","media_type":"image","media_details":{"width":1080,"height":1080,"file":"2023\/02\/cancelacion-de-cruceros.png","sizes":{"medium":{"file":"cancelacion-de-cruceros-300x300.png","width":300,"height":300,"mime-type":"image\/png","source_url":"https:\/\/www.pdparacas.com.pe\/blog\/wp-content\/uploads\/2023\/02\/cancelacion-de-cruceros-300x300.png"},"large":{"file":"cancelacion-de-cruceros-1024x1024.png","width":1024,"height":1024,"mime-type":"image\/png","source_url":"https:\/\/www.pdparacas.com.pe\/blog\/wp-content\/uploads\/2023\/02\/cancelacion-de-cruceros-1024x1024.png"},"thumbnail":{"file":"cancelacion-de-cruceros-150x150.png","width":150,"height":150,"mime-type":"image\/png","source_url":"https:\/\/www.pdparacas.com.pe\/blog\/wp-content\/uploads\/2023\/02\/cancelacion-de-cruceros-150x150.png"},"medium_large":{"file":"cancelacion-de-cruceros-768x768.png","width":768,"height":768,"mime-type":"image\/png","source_url":"https:\/\/www.pdparacas.com.pe\/blog\/wp-content\/uploads\/2023\/02\/cancelacion-de-cruceros-768x768.png"},"portfolio-thumb":{"file":"cancelacion-de-cruceros-600x403.png","width":600,"height":403,"mime-type":"image\/png","source_url":"https:\/\/www.pdparacas.com.pe\/blog\/wp-content\/uploads\/2023\/02\/cancelacion-de-cruceros-600x403.png"},"portfolio-thumb_small":{"file":"cancelacion-de-cruceros-400x269.png","width":400,"height":269,"mime-type":"image\/png","source_url":"https:\/\/www.pdparacas.com.pe\/blog\/wp-content\/uploads\/2023\/02\/cancelacion-de-cruceros-400x269.png"},"portfolio-widget":{"file":"cancelacion-de-cruceros-100x100.png","width":100,"height":100,"mime-type":"image\/png","source_url":"https:\/\/www.pdparacas.com.pe\/blog\/wp-content\/uploads\/2023\/02\/cancelacion-de-cruceros-100x100.png"},"nectar_small_square":{"file":"cancelacion-de-cruceros-140x140.png","width":140,"height":140,"mime-type":"image\/png","source_url":"https:\/\/www.pdparacas.com.pe\/blog\/wp-content\/uploads\/2023\/02\/cancelacion-de-cruceros-140x140.png"},"wide":{"file":"cancelacion-de-cruceros-1000x500.png","width":1000,"height":500,"mime-type":"image\/png","source_url":"https:\/\/www.pdparacas.com.pe\/blog\/wp-content\/uploads\/2023\/02\/cancelacion-de-cruceros-1000x500.png"},"wide_small":{"file":"cancelacion-de-cruceros-670x335.png","width":670,"height":335,"mime-type":"image\/png","source_url":"https:\/\/www.pdparacas.com.pe\/blog\/wp-content\/uploads\/2023\/02\/cancelacion-de-cruceros-670x335.png"},"regular":{"file":"cancelacion-de-cruceros-500x500.png","width":500,"height":500,"mime-type":"image\/png","source_url":"https:\/\/www.pdparacas.com.pe\/blog\/wp-content\/uploads\/2023\/02\/cancelacion-de-cruceros-500x500.png"},"regular_small":{"file":"cancelacion-de-cruceros-350x350.png","width":350,"height":350,"mime-type":"image\/png","source_url":"https:\/\/www.pdparacas.com.pe\/blog\/wp-content\/uploads\/2023\/02\/cancelacion-de-cruceros-350x350.png"},"tall":{"file":"cancelacion-de-cruceros-500x1000.png","width":500,"height":1000,"mime-type":"image\/png","source_url":"https:\/\/www.pdparacas.com.pe\/blog\/wp-content\/uploads\/2023\/02\/cancelacion-de-cruceros-500x1000.png"},"wide_tall":{"file":"cancelacion-de-cruceros-1000x1000.png","width":1000,"height":1000,"mime-type":"image\/png","source_url":"https:\/\/www.pdparacas.com.pe\/blog\/wp-content\/uploads\/2023\/02\/cancelacion-de-cruceros-1000x1000.png"},"wide_photography":{"file":"cancelacion-de-cruceros-900x600.png","width":900,"height":600,"mime-type":"image\/png","source_url":"https:\/\/www.pdparacas.com.pe\/blog\/wp-content\/uploads\/2023\/02\/cancelacion-de-cruceros-900x600.png"},"large_featured":{"file":"cancelacion-de-cruceros-1080x700.png","width":1080,"height":700,"mime-type":"image\/png","source_url":"https:\/\/www.pdparacas.com.pe\/blog\/wp-content\/uploads\/2023\/02\/cancelacion-de-cruceros-1080x700.png"},"medium_featured":{"file":"cancelacion-de-cruceros-800x800.png","width":800,"height":800,"mime-type":"image\/png","source_url":"https:\/\/www.pdparacas.com.pe\/blog\/wp-content\/uploads\/2023\/02\/cancelacion-de-cruceros-800x800.png"},"img_post":{"file":"cancelacion-de-cruceros-365x250.png","width":365,"height":250,"mime-type":"image\/png","source_url":"https:\/\/www.pdparacas.com.pe\/blog\/wp-content\/uploads\/2023\/02\/cancelacion-de-cruceros-365x250.png"}},"image_meta":{"aperture":"0","credit":"","camera":"","caption":"","created_timestamp":"0","copyright":"","focal_length":"0","iso":"0","shutter_speed":"0","title":"","orientation":"0","keywords":[]}},"post":6709,"source_url":"https:\/\/www.pdparacas.com.pe\/blog\/wp-content\/uploads\/2023\/02\/cancelacion-de-cruceros.png"},"yoast_head":"<!-- This site is optimized with the Yoast SEO plugin v16.8 - https:\/\/yoast.com\/wordpress\/plugins\/seo\/ -->\n<title>\u25b7 CRUCEROS CANCELAN ESCALAS AL PUERTO DE PARACAS DEBIDO A PROTESTAS SOCIALES EN EL PER\u00da.<\/title>\n<meta name=\"description\" content=\"\u25b7 Cruceros cancelan escalas al Puerto de Paracas debido a protestas sociales en el Per\u00fa. Conoce los detalles en este interesante blog. \u2705\" \/>\n<meta name=\"robots\" content=\"index, follow, max-snippet:-1, max-image-preview:large, max-video-preview:-1\" \/>\n<link rel=\"canonical\" href=\"https:\/\/www.pdparacas.com.pe\/blog\/cruceros-cancelan-escalas-al-puerto-de-paracas-debido-a-protestas-sociales-en-el-peru\/\" \/>\n<meta property=\"og:locale\" content=\"es_ES\" \/>\n<meta property=\"og:type\" content=\"article\" \/>\n<meta property=\"og:title\" content=\"\u25b7 CRUCEROS CANCELAN ESCALAS AL PUERTO DE PARACAS DEBIDO A PROTESTAS SOCIALES EN EL PER\u00da.\" \/>\n<meta property=\"og:description\" content=\"\u25b7 Cruceros cancelan escalas al Puerto de Paracas debido a protestas sociales en el Per\u00fa. Conoce los detalles en este interesante blog. \u2705\" \/>\n<meta property=\"og:url\" content=\"https:\/\/www.pdparacas.com.pe\/blog\/cruceros-cancelan-escalas-al-puerto-de-paracas-debido-a-protestas-sociales-en-el-peru\/\" \/>\n<meta property=\"og:site_name\" content=\"Puerto de Paracas - Blog\" \/>\n<meta property=\"article:published_time\" content=\"2023-02-01T15:32:11+00:00\" \/>\n<meta property=\"article:modified_time\" content=\"2023-02-01T15:49:41+00:00\" \/>\n<meta property=\"og:image\" content=\"http:\/\/www.pdparacas.com.pe\/blog\/wp-content\/uploads\/2023\/02\/cancelacion-de-cruceros.png\" \/>\n\t<meta property=\"og:image:width\" content=\"1080\" \/>\n\t<meta property=\"og:image:height\" content=\"1080\" \/>\n<meta name=\"twitter:card\" content=\"summary_large_image\" \/>\n<meta name=\"twitter:label1\" content=\"Escrito por\" \/>\n\t<meta name=\"twitter:data1\" content=\"Samuel Reyes\" \/>\n\t<meta name=\"twitter:label2\" content=\"Tiempo de lectura\" \/>\n\t<meta name=\"twitter:data2\" content=\"1 minuto\" \/>\n<script type=\"application\/ld+json\" class=\"yoast-schema-graph\">{\"@context\":\"https:\/\/schema.org\",\"@graph\":[{\"@type\":\"WebSite\",\"@id\":\"https:\/\/www.pdparacas.com.pe\/blog\/#website\",\"url\":\"https:\/\/www.pdparacas.com.pe\/blog\/\",\"name\":\"Puerto de Paracas - Blog\",\"description\":\"\",\"potentialAction\":[{\"@type\":\"SearchAction\",\"target\":{\"@type\":\"EntryPoint\",\"urlTemplate\":\"https:\/\/www.pdparacas.com.pe\/blog\/?s={search_term_string}\"},\"query-input\":\"required name=search_term_string\"}],\"inLanguage\":\"es\"},{\"@type\":\"ImageObject\",\"@id\":\"https:\/\/www.pdparacas.com.pe\/blog\/cruceros-cancelan-escalas-al-puerto-de-paracas-debido-a-protestas-sociales-en-el-peru\/#primaryimage\",\"inLanguage\":\"es\",\"url\":\"https:\/\/www.pdparacas.com.pe\/blog\/wp-content\/uploads\/2023\/02\/cancelacion-de-cruceros.png\",\"contentUrl\":\"https:\/\/www.pdparacas.com.pe\/blog\/wp-content\/uploads\/2023\/02\/cancelacion-de-cruceros.png\",\"width\":1080,\"height\":1080},{\"@type\":\"WebPage\",\"@id\":\"https:\/\/www.pdparacas.com.pe\/blog\/cruceros-cancelan-escalas-al-puerto-de-paracas-debido-a-protestas-sociales-en-el-peru\/#webpage\",\"url\":\"https:\/\/www.pdparacas.com.pe\/blog\/cruceros-cancelan-escalas-al-puerto-de-paracas-debido-a-protestas-sociales-en-el-peru\/\",\"name\":\"\\u25b7 CRUCEROS CANCELAN ESCALAS AL PUERTO DE PARACAS DEBIDO A PROTESTAS SOCIALES EN EL PER\\u00da.\",\"isPartOf\":{\"@id\":\"https:\/\/www.pdparacas.com.pe\/blog\/#website\"},\"primaryImageOfPage\":{\"@id\":\"https:\/\/www.pdparacas.com.pe\/blog\/cruceros-cancelan-escalas-al-puerto-de-paracas-debido-a-protestas-sociales-en-el-peru\/#primaryimage\"},\"datePublished\":\"2023-02-01T15:32:11+00:00\",\"dateModified\":\"2023-02-01T15:49:41+00:00\",\"author\":{\"@id\":\"https:\/\/www.pdparacas.com.pe\/blog\/#\/schema\/person\/40f4a1f66107d54c1a25d656e7a6ac7f\"},\"description\":\"\\u25b7 Cruceros cancelan escalas al Puerto de Paracas debido a protestas sociales en el Per\\u00fa. Conoce los detalles en este interesante blog. \\u2705\",\"breadcrumb\":{\"@id\":\"https:\/\/www.pdparacas.com.pe\/blog\/cruceros-cancelan-escalas-al-puerto-de-paracas-debido-a-protestas-sociales-en-el-peru\/#breadcrumb\"},\"inLanguage\":\"es\",\"potentialAction\":[{\"@type\":\"ReadAction\",\"target\":[\"https:\/\/www.pdparacas.com.pe\/blog\/cruceros-cancelan-escalas-al-puerto-de-paracas-debido-a-protestas-sociales-en-el-peru\/\"]}]},{\"@type\":\"BreadcrumbList\",\"@id\":\"https:\/\/www.pdparacas.com.pe\/blog\/cruceros-cancelan-escalas-al-puerto-de-paracas-debido-a-protestas-sociales-en-el-peru\/#breadcrumb\",\"itemListElement\":[{\"@type\":\"ListItem\",\"position\":1,\"name\":\"Portada\",\"item\":\"https:\/\/www.pdparacas.com.pe\/blog\/\"},{\"@type\":\"ListItem\",\"position\":2,\"name\":\"CRUCEROS CANCELAN ESCALAS AL PUERTO DE PARACAS DEBIDO A PROTESTAS SOCIALES EN EL PER\\u00da\"}]},{\"@type\":\"Person\",\"@id\":\"https:\/\/www.pdparacas.com.pe\/blog\/#\/schema\/person\/40f4a1f66107d54c1a25d656e7a6ac7f\",\"name\":\"Samuel Reyes\",\"image\":{\"@type\":\"ImageObject\",\"@id\":\"https:\/\/www.pdparacas.com.pe\/blog\/#personlogo\",\"inLanguage\":\"es\",\"url\":\"https:\/\/secure.gravatar.com\/avatar\/40a2c27a4520da1b7f58e63ff303a47b?s=96&d=mm&r=g\",\"contentUrl\":\"https:\/\/secure.gravatar.com\/avatar\/40a2c27a4520da1b7f58e63ff303a47b?s=96&d=mm&r=g\",\"caption\":\"Samuel Reyes\"},\"url\":\"https:\/\/www.pdparacas.com.pe\/blog\/author\/s-reyespdparacas-com-pe\/\"}]}<\/script>\n<!-- \/ Yoast SEO plugin. -->","yoast_head_json":{"title":"\u25b7 CRUCEROS CANCELAN ESCALAS AL PUERTO DE PARACAS DEBIDO A PROTESTAS SOCIALES EN EL PER\u00da.","description":"\u25b7 Cruceros cancelan escalas al Puerto de Paracas debido a protestas sociales en el Per\u00fa. Conoce los detalles en este interesante blog. \u2705","robots":{"index":"index","follow":"follow","max-snippet":"max-snippet:-1","max-image-preview":"max-image-preview:large","max-video-preview":"max-video-preview:-1"},"canonical":"https:\/\/www.pdparacas.com.pe\/blog\/cruceros-cancelan-escalas-al-puerto-de-paracas-debido-a-protestas-sociales-en-el-peru\/","og_locale":"es_ES","og_type":"article","og_title":"\u25b7 CRUCEROS CANCELAN ESCALAS AL PUERTO DE PARACAS DEBIDO A PROTESTAS SOCIALES EN EL PER\u00da.","og_description":"\u25b7 Cruceros cancelan escalas al Puerto de Paracas debido a protestas sociales en el Per\u00fa. Conoce los detalles en este interesante blog. \u2705","og_url":"https:\/\/www.pdparacas.com.pe\/blog\/cruceros-cancelan-escalas-al-puerto-de-paracas-debido-a-protestas-sociales-en-el-peru\/","og_site_name":"Puerto de Paracas - Blog","article_published_time":"2023-02-01T15:32:11+00:00","article_modified_time":"2023-02-01T15:49:41+00:00","og_image":[{"width":1080,"height":1080,"url":"http:\/\/www.pdparacas.com.pe\/blog\/wp-content\/uploads\/2023\/02\/cancelacion-de-cruceros.png","path":"\/usr\/share\/nginx\/html\/wp_pdparacas\/blog\/wp-content\/uploads\/2023\/02\/cancelacion-de-cruceros.png","size":"full","id":6710,"alt":"","pixels":1166400,"type":"image\/png"}],"twitter_card":"summary_large_image","twitter_misc":{"Escrito por":"Samuel Reyes","Tiempo de lectura":"1 minuto"},"schema":{"@context":"https:\/\/schema.org","@graph":[{"@type":"WebSite","@id":"https:\/\/www.pdparacas.com.pe\/blog\/#website","url":"https:\/\/www.pdparacas.com.pe\/blog\/","name":"Puerto de Paracas - Blog","description":"","potentialAction":[{"@type":"SearchAction","target":{"@type":"EntryPoint","urlTemplate":"https:\/\/www.pdparacas.com.pe\/blog\/?s={search_term_string}"},"query-input":"required name=search_term_string"}],"inLanguage":"es"},{"@type":"ImageObject","@id":"https:\/\/www.pdparacas.com.pe\/blog\/cruceros-cancelan-escalas-al-puerto-de-paracas-debido-a-protestas-sociales-en-el-peru\/#primaryimage","inLanguage":"es","url":"https:\/\/www.pdparacas.com.pe\/blog\/wp-content\/uploads\/2023\/02\/cancelacion-de-cruceros.png","contentUrl":"https:\/\/www.pdparacas.com.pe\/blog\/wp-content\/uploads\/2023\/02\/cancelacion-de-cruceros.png","width":1080,"height":1080},{"@type":"WebPage","@id":"https:\/\/www.pdparacas.com.pe\/blog\/cruceros-cancelan-escalas-al-puerto-de-paracas-debido-a-protestas-sociales-en-el-peru\/#webpage","url":"https:\/\/www.pdparacas.com.pe\/blog\/cruceros-cancelan-escalas-al-puerto-de-paracas-debido-a-protestas-sociales-en-el-peru\/","name":"\u25b7 CRUCEROS CANCELAN ESCALAS AL PUERTO DE PARACAS DEBIDO A PROTESTAS SOCIALES EN EL PER\u00da.","isPartOf":{"@id":"https:\/\/www.pdparacas.com.pe\/blog\/#website"},"primaryImageOfPage":{"@id":"https:\/\/www.pdparacas.com.pe\/blog\/cruceros-cancelan-escalas-al-puerto-de-paracas-debido-a-protestas-sociales-en-el-peru\/#primaryimage"},"datePublished":"2023-02-01T15:32:11+00:00","dateModified":"2023-02-01T15:49:41+00:00","author":{"@id":"https:\/\/www.pdparacas.com.pe\/blog\/#\/schema\/person\/40f4a1f66107d54c1a25d656e7a6ac7f"},"description":"\u25b7 Cruceros cancelan escalas al Puerto de Paracas debido a protestas sociales en el Per\u00fa. Conoce los detalles en este interesante blog. \u2705","breadcrumb":{"@id":"https:\/\/www.pdparacas.com.pe\/blog\/cruceros-cancelan-escalas-al-puerto-de-paracas-debido-a-protestas-sociales-en-el-peru\/#breadcrumb"},"inLanguage":"es","potentialAction":[{"@type":"ReadAction","target":["https:\/\/www.pdparacas.com.pe\/blog\/cruceros-cancelan-escalas-al-puerto-de-paracas-debido-a-protestas-sociales-en-el-peru\/"]}]},{"@type":"BreadcrumbList","@id":"https:\/\/www.pdparacas.com.pe\/blog\/cruceros-cancelan-escalas-al-puerto-de-paracas-debido-a-protestas-sociales-en-el-peru\/#breadcrumb","itemListElement":[{"@type":"ListItem","position":1,"name":"Portada","item":"https:\/\/www.pdparacas.com.pe\/blog\/"},{"@type":"ListItem","position":2,"name":"CRUCEROS CANCELAN ESCALAS AL PUERTO DE PARACAS DEBIDO A PROTESTAS SOCIALES EN EL PER\u00da"}]},{"@type":"Person","@id":"https:\/\/www.pdparacas.com.pe\/blog\/#\/schema\/person\/40f4a1f66107d54c1a25d656e7a6ac7f","name":"Samuel Reyes","image":{"@type":"ImageObject","@id":"https:\/\/www.pdparacas.com.pe\/blog\/#personlogo","inLanguage":"es","url":"https:\/\/secure.gravatar.com\/avatar\/40a2c27a4520da1b7f58e63ff303a47b?s=96&d=mm&r=g","contentUrl":"https:\/\/secure.gravatar.com\/avatar\/40a2c27a4520da1b7f58e63ff303a47b?s=96&d=mm&r=g","caption":"Samuel Reyes"},"url":"https:\/\/www.pdparacas.com.pe\/blog\/author\/s-reyespdparacas-com-pe\/"}]}},"_links":{"self":[{"href":"https:\/\/www.pdparacas.com.pe\/blog\/wp-json\/wp\/v2\/posts\/6709"}],"collection":[{"href":"https:\/\/www.pdparacas.com.pe\/blog\/wp-json\/wp\/v2\/posts"}],"about":[{"href":"https:\/\/www.pdparacas.com.pe\/blog\/wp-json\/wp\/v2\/types\/post"}],"author":[{"embeddable":true,"href":"https:\/\/www.pdparacas.com.pe\/blog\/wp-json\/wp\/v2\/users\/17"}],"replies":[{"embeddable":true,"href":"https:\/\/www.pdparacas.com.pe\/blog\/wp-json\/wp\/v2\/comments?post=6709"}],"version-history":[{"count":3,"href":"https:\/\/www.pdparacas.com.pe\/blog\/wp-json\/wp\/v2\/posts\/6709\/revisions"}],"predecessor-version":[{"id":6713,"href":"https:\/\/www.pdparacas.com.pe\/blog\/wp-json\/wp\/v2\/posts\/6709\/revisions\/6713"}],"wp:featuredmedia":[{"embeddable":true,"href":"https:\/\/www.pdparacas.com.pe\/blog\/wp-json\/wp\/v2\/media\/6710"}],"wp:attachment":[{"href":"https:\/\/www.pdparacas.com.pe\/blog\/wp-json\/wp\/v2\/media?parent=6709"}],"wp:term":[{"taxonomy":"category","embeddable":true,"href":"https:\/\/www.pdparacas.com.pe\/blog\/wp-json\/wp\/v2\/categories?post=6709"},{"taxonomy":"post_tag","embeddable":true,"href":"https:\/\/www.pdparacas.com.pe\/blog\/wp-json\/wp\/v2\/tags?post=6709"}],"curies":[{"name":"wp","href":"https:\/\/api.w.org\/{rel}","templated":true}]}}