{"id":6359,"date":"2021-04-13T21:54:30","date_gmt":"2021-04-13T21:54:30","guid":{"rendered":"http:\/\/www.pdparacas.com.pe\/blog\/?p=6359"},"modified":"2021-08-02T01:14:44","modified_gmt":"2021-08-02T01:14:44","slug":"fondo-social-entrego-una-ambulancia-y-concentradores-de-oxigeno-2","status":"publish","type":"post","link":"https:\/\/www.pdparacas.com.pe\/blog\/fondo-social-entrego-una-ambulancia-y-concentradores-de-oxigeno-2\/","title":{"rendered":"FONDO SOCIAL ENTREG\u00d3 UNA AMBULANCIA Y CONCENTRADORES DE OX\u00cdGENO"},"content":{"rendered":"<p>Con gran expectativa por parte de la poblaci\u00f3n pisque\u00f1a se ceremonia por la recepci\u00f3n de las obras de modernizaci\u00f3n del Terminal Portuario General San Mart\u00edn. Se entregaron una<strong>\u00a0ambulancia y concentradores de ox\u00edgeno <\/strong>que ser\u00e1n de gran utilidad para la comunidad, marcando una nueva era en el inicio de la gesti\u00f3n del Puerto.<\/p>\n<h2>Una ambulancia y concentradores de ox\u00edgeno al servicio de la comunidad<\/h2>\n<p>Estuvieron presentes, el Ministro de Transportes y Comunicaciones, Eduardo Gonz\u00e1lez, el gerente general de la Autoridad Portuaria Nacional, Guillermo Bouroncle, autoridades locales y directivos de <a href=\"https:\/\/twitter.com\/tpparacas?lang=es\"><strong>TPParacas<\/strong><\/a>.<br \/>\nEste hito marca el inicio de una nueva era en la gesti\u00f3n del Puerto San Mart\u00edn y TPParacas se compromete a mantener los altos est\u00e1ndares de calidad y seguridad que viene implementando a\u00f1o tras a\u00f1o.<br \/>\n\u00a1Bienvenida la inversi\u00f3n privada con responsabilidad Social!<\/p>\n<h3>Conoce terminal Portuario Paracas<\/h3>\n<p>Conoce nuestro <a href=\"http:\/\/www.pdparacas.com.pe\/blog\/category\/compromiso-socioambiental\/\"><strong>compromiso socioambiental<\/strong><\/a> y trabaja con una empresa multiprop\u00f3sito, cumpliendo con los mejores est\u00e1ndares t\u00e9cnicos, sociales y ambientales.<\/p>\n","protected":false},"excerpt":{"rendered":"<p>Con gran expectativa por parte de la poblaci\u00f3n pisque\u00f1a se ceremonia por la recepci\u00f3n de&#8230;<\/p>\n","protected":false},"author":13,"featured_media":6361,"comment_status":"open","ping_status":"open","sticky":false,"template":"","format":"standard","meta":[],"categories":[1],"tags":[],"better_featured_image":{"id":6361,"alt_text":"ambulancia y concentradores de ox\u00edgeno","caption":"","description":"","media_type":"image","media_details":{"width":2560,"height":1608,"file":"2021\/05\/ministro-scaled.jpg","sizes":{"medium":{"file":"ministro-300x188.jpg","width":300,"height":188,"mime-type":"image\/jpeg","source_url":"https:\/\/www.pdparacas.com.pe\/blog\/wp-content\/uploads\/2021\/05\/ministro-300x188.jpg"},"large":{"file":"ministro-1024x643.jpg","width":1024,"height":643,"mime-type":"image\/jpeg","source_url":"https:\/\/www.pdparacas.com.pe\/blog\/wp-content\/uploads\/2021\/05\/ministro-1024x643.jpg"},"thumbnail":{"file":"ministro-150x150.jpg","width":150,"height":150,"mime-type":"image\/jpeg","source_url":"https:\/\/www.pdparacas.com.pe\/blog\/wp-content\/uploads\/2021\/05\/ministro-150x150.jpg"},"medium_large":{"file":"ministro-768x482.jpg","width":768,"height":482,"mime-type":"image\/jpeg","source_url":"https:\/\/www.pdparacas.com.pe\/blog\/wp-content\/uploads\/2021\/05\/ministro-768x482.jpg"},"1536x1536":{"file":"ministro-1536x965.jpg","width":1536,"height":965,"mime-type":"image\/jpeg","source_url":"https:\/\/www.pdparacas.com.pe\/blog\/wp-content\/uploads\/2021\/05\/ministro-1536x965.jpg"},"2048x2048":{"file":"ministro-2048x1286.jpg","width":2048,"height":1286,"mime-type":"image\/jpeg","source_url":"https:\/\/www.pdparacas.com.pe\/blog\/wp-content\/uploads\/2021\/05\/ministro-2048x1286.jpg"},"portfolio-thumb":{"file":"ministro-600x403.jpg","width":600,"height":403,"mime-type":"image\/jpeg","source_url":"https:\/\/www.pdparacas.com.pe\/blog\/wp-content\/uploads\/2021\/05\/ministro-600x403.jpg"},"portfolio-thumb_small":{"file":"ministro-400x269.jpg","width":400,"height":269,"mime-type":"image\/jpeg","source_url":"https:\/\/www.pdparacas.com.pe\/blog\/wp-content\/uploads\/2021\/05\/ministro-400x269.jpg"},"portfolio-widget":{"file":"ministro-100x100.jpg","width":100,"height":100,"mime-type":"image\/jpeg","source_url":"https:\/\/www.pdparacas.com.pe\/blog\/wp-content\/uploads\/2021\/05\/ministro-100x100.jpg"},"nectar_small_square":{"file":"ministro-140x140.jpg","width":140,"height":140,"mime-type":"image\/jpeg","source_url":"https:\/\/www.pdparacas.com.pe\/blog\/wp-content\/uploads\/2021\/05\/ministro-140x140.jpg"},"wide":{"file":"ministro-1000x500.jpg","width":1000,"height":500,"mime-type":"image\/jpeg","source_url":"https:\/\/www.pdparacas.com.pe\/blog\/wp-content\/uploads\/2021\/05\/ministro-1000x500.jpg"},"wide_small":{"file":"ministro-670x335.jpg","width":670,"height":335,"mime-type":"image\/jpeg","source_url":"https:\/\/www.pdparacas.com.pe\/blog\/wp-content\/uploads\/2021\/05\/ministro-670x335.jpg"},"regular":{"file":"ministro-500x500.jpg","width":500,"height":500,"mime-type":"image\/jpeg","source_url":"https:\/\/www.pdparacas.com.pe\/blog\/wp-content\/uploads\/2021\/05\/ministro-500x500.jpg"},"regular_small":{"file":"ministro-350x350.jpg","width":350,"height":350,"mime-type":"image\/jpeg","source_url":"https:\/\/www.pdparacas.com.pe\/blog\/wp-content\/uploads\/2021\/05\/ministro-350x350.jpg"},"tall":{"file":"ministro-500x1000.jpg","width":500,"height":1000,"mime-type":"image\/jpeg","source_url":"https:\/\/www.pdparacas.com.pe\/blog\/wp-content\/uploads\/2021\/05\/ministro-500x1000.jpg"},"wide_tall":{"file":"ministro-1000x1000.jpg","width":1000,"height":1000,"mime-type":"image\/jpeg","source_url":"https:\/\/www.pdparacas.com.pe\/blog\/wp-content\/uploads\/2021\/05\/ministro-1000x1000.jpg"},"wide_photography":{"file":"ministro-900x600.jpg","width":900,"height":600,"mime-type":"image\/jpeg","source_url":"https:\/\/www.pdparacas.com.pe\/blog\/wp-content\/uploads\/2021\/05\/ministro-900x600.jpg"},"large_featured":{"file":"ministro-1700x700.jpg","width":1700,"height":700,"mime-type":"image\/jpeg","source_url":"https:\/\/www.pdparacas.com.pe\/blog\/wp-content\/uploads\/2021\/05\/ministro-1700x700.jpg"},"medium_featured":{"file":"ministro-800x800.jpg","width":800,"height":800,"mime-type":"image\/jpeg","source_url":"https:\/\/www.pdparacas.com.pe\/blog\/wp-content\/uploads\/2021\/05\/ministro-800x800.jpg"},"img_post":{"file":"ministro-365x250.jpg","width":365,"height":250,"mime-type":"image\/jpeg","source_url":"https:\/\/www.pdparacas.com.pe\/blog\/wp-content\/uploads\/2021\/05\/ministro-365x250.jpg"}},"image_meta":{"aperture":"13","credit":"","camera":"Canon EOS Rebel T6i","caption":"","created_timestamp":"1586730925","copyright":"","focal_length":"18","iso":"100","shutter_speed":"0.005","title":"","orientation":"1","keywords":[]},"original_image":"ministro.jpg"},"post":6359,"source_url":"https:\/\/www.pdparacas.com.pe\/blog\/wp-content\/uploads\/2021\/05\/ministro-scaled.jpg"},"yoast_head":"<!-- This site is optimized with the Yoast SEO plugin v16.8 - https:\/\/yoast.com\/wordpress\/plugins\/seo\/ -->\n<title>\u00ab Fondo Social entreg\u00f3 ambulancia y concentradores de ox\u00edgeno<\/title>\n<meta name=\"description\" content=\"Te presentamos los detalles de la entrega de una ambulancia y concentradores de ox\u00edgeno por parte de nuestro Fondo Social. \u2705\" \/>\n<meta name=\"robots\" content=\"index, follow, max-snippet:-1, max-image-preview:large, max-video-preview:-1\" \/>\n<link rel=\"canonical\" href=\"https:\/\/www.pdparacas.com.pe\/blog\/fondo-social-entrego-una-ambulancia-y-concentradores-de-oxigeno-2\/\" \/>\n<meta property=\"og:locale\" content=\"es_ES\" \/>\n<meta property=\"og:type\" content=\"article\" \/>\n<meta property=\"og:title\" content=\"\u00ab Fondo Social entreg\u00f3 ambulancia y concentradores de ox\u00edgeno\" \/>\n<meta property=\"og:description\" content=\"Te presentamos los detalles de la entrega de una ambulancia y concentradores de ox\u00edgeno por parte de nuestro Fondo Social. \u2705\" \/>\n<meta property=\"og:url\" content=\"https:\/\/www.pdparacas.com.pe\/blog\/fondo-social-entrego-una-ambulancia-y-concentradores-de-oxigeno-2\/\" \/>\n<meta property=\"og:site_name\" content=\"Puerto de Paracas - Blog\" \/>\n<meta property=\"article:published_time\" content=\"2021-04-13T21:54:30+00:00\" \/>\n<meta property=\"article:modified_time\" content=\"2021-08-02T01:14:44+00:00\" \/>\n<meta property=\"og:image\" content=\"http:\/\/www.pdparacas.com.pe\/blog\/wp-content\/uploads\/2021\/05\/ministro-scaled.jpg\" \/>\n\t<meta property=\"og:image:width\" content=\"2560\" \/>\n\t<meta property=\"og:image:height\" content=\"1608\" \/>\n<meta name=\"twitter:card\" content=\"summary_large_image\" \/>\n<meta name=\"twitter:label1\" content=\"Escrito por\" \/>\n\t<meta name=\"twitter:data1\" content=\"Terminal Portuario Paracas\" \/>\n\t<meta name=\"twitter:label2\" content=\"Tiempo de lectura\" \/>\n\t<meta name=\"twitter:data2\" content=\"1 minuto\" \/>\n<script type=\"application\/ld+json\" class=\"yoast-schema-graph\">{\"@context\":\"https:\/\/schema.org\",\"@graph\":[{\"@type\":\"WebSite\",\"@id\":\"https:\/\/www.pdparacas.com.pe\/blog\/#website\",\"url\":\"https:\/\/www.pdparacas.com.pe\/blog\/\",\"name\":\"Puerto de Paracas - Blog\",\"description\":\"\",\"potentialAction\":[{\"@type\":\"SearchAction\",\"target\":{\"@type\":\"EntryPoint\",\"urlTemplate\":\"https:\/\/www.pdparacas.com.pe\/blog\/?s={search_term_string}\"},\"query-input\":\"required name=search_term_string\"}],\"inLanguage\":\"es\"},{\"@type\":\"ImageObject\",\"@id\":\"https:\/\/www.pdparacas.com.pe\/blog\/fondo-social-entrego-una-ambulancia-y-concentradores-de-oxigeno-2\/#primaryimage\",\"inLanguage\":\"es\",\"url\":\"https:\/\/www.pdparacas.com.pe\/blog\/wp-content\/uploads\/2021\/05\/ministro-scaled.jpg\",\"contentUrl\":\"https:\/\/www.pdparacas.com.pe\/blog\/wp-content\/uploads\/2021\/05\/ministro-scaled.jpg\",\"width\":2560,\"height\":1608,\"caption\":\"ambulancia y concentradores de ox\\u00edgeno\"},{\"@type\":\"WebPage\",\"@id\":\"https:\/\/www.pdparacas.com.pe\/blog\/fondo-social-entrego-una-ambulancia-y-concentradores-de-oxigeno-2\/#webpage\",\"url\":\"https:\/\/www.pdparacas.com.pe\/blog\/fondo-social-entrego-una-ambulancia-y-concentradores-de-oxigeno-2\/\",\"name\":\"\\u00ab Fondo Social entreg\\u00f3 ambulancia y concentradores de ox\\u00edgeno\",\"isPartOf\":{\"@id\":\"https:\/\/www.pdparacas.com.pe\/blog\/#website\"},\"primaryImageOfPage\":{\"@id\":\"https:\/\/www.pdparacas.com.pe\/blog\/fondo-social-entrego-una-ambulancia-y-concentradores-de-oxigeno-2\/#primaryimage\"},\"datePublished\":\"2021-04-13T21:54:30+00:00\",\"dateModified\":\"2021-08-02T01:14:44+00:00\",\"author\":{\"@id\":\"https:\/\/www.pdparacas.com.pe\/blog\/#\/schema\/person\/ebadd3139f30a0fa1de92669876e27a8\"},\"description\":\"Te presentamos los detalles de la entrega de una ambulancia y concentradores de ox\\u00edgeno por parte de nuestro Fondo Social. \\u2705\",\"breadcrumb\":{\"@id\":\"https:\/\/www.pdparacas.com.pe\/blog\/fondo-social-entrego-una-ambulancia-y-concentradores-de-oxigeno-2\/#breadcrumb\"},\"inLanguage\":\"es\",\"potentialAction\":[{\"@type\":\"ReadAction\",\"target\":[\"https:\/\/www.pdparacas.com.pe\/blog\/fondo-social-entrego-una-ambulancia-y-concentradores-de-oxigeno-2\/\"]}]},{\"@type\":\"BreadcrumbList\",\"@id\":\"https:\/\/www.pdparacas.com.pe\/blog\/fondo-social-entrego-una-ambulancia-y-concentradores-de-oxigeno-2\/#breadcrumb\",\"itemListElement\":[{\"@type\":\"ListItem\",\"position\":1,\"name\":\"Portada\",\"item\":\"https:\/\/www.pdparacas.com.pe\/blog\/\"},{\"@type\":\"ListItem\",\"position\":2,\"name\":\"FONDO SOCIAL ENTREG\\u00d3 UNA AMBULANCIA Y CONCENTRADORES DE OX\\u00cdGENO\"}]},{\"@type\":\"Person\",\"@id\":\"https:\/\/www.pdparacas.com.pe\/blog\/#\/schema\/person\/ebadd3139f30a0fa1de92669876e27a8\",\"name\":\"Terminal Portuario Paracas\",\"image\":{\"@type\":\"ImageObject\",\"@id\":\"https:\/\/www.pdparacas.com.pe\/blog\/#personlogo\",\"inLanguage\":\"es\",\"url\":\"https:\/\/www.pdparacas.com.pe\/blog\/wp-content\/uploads\/2021\/01\/blog-icono.jpg\",\"contentUrl\":\"https:\/\/www.pdparacas.com.pe\/blog\/wp-content\/uploads\/2021\/01\/blog-icono.jpg\",\"caption\":\"Terminal Portuario Paracas\"},\"url\":\"https:\/\/www.pdparacas.com.pe\/blog\/author\/wp_paracas\/\"}]}<\/script>\n<!-- \/ Yoast SEO plugin. -->","yoast_head_json":{"title":"\u00ab Fondo Social entreg\u00f3 ambulancia y concentradores de ox\u00edgeno","description":"Te presentamos los detalles de la entrega de una ambulancia y concentradores de ox\u00edgeno por parte de nuestro Fondo Social. \u2705","robots":{"index":"index","follow":"follow","max-snippet":"max-snippet:-1","max-image-preview":"max-image-preview:large","max-video-preview":"max-video-preview:-1"},"canonical":"https:\/\/www.pdparacas.com.pe\/blog\/fondo-social-entrego-una-ambulancia-y-concentradores-de-oxigeno-2\/","og_locale":"es_ES","og_type":"article","og_title":"\u00ab Fondo Social entreg\u00f3 ambulancia y concentradores de ox\u00edgeno","og_description":"Te presentamos los detalles de la entrega de una ambulancia y concentradores de ox\u00edgeno por parte de nuestro Fondo Social. \u2705","og_url":"https:\/\/www.pdparacas.com.pe\/blog\/fondo-social-entrego-una-ambulancia-y-concentradores-de-oxigeno-2\/","og_site_name":"Puerto de Paracas - Blog","article_published_time":"2021-04-13T21:54:30+00:00","article_modified_time":"2021-08-02T01:14:44+00:00","og_image":[{"width":2560,"height":1608,"url":"http:\/\/www.pdparacas.com.pe\/blog\/wp-content\/uploads\/2021\/05\/ministro-scaled.jpg","path":"\/usr\/share\/nginx\/html\/wp_pdparacas\/blog\/wp-content\/uploads\/2021\/05\/ministro-scaled.jpg","size":"full","id":6361,"alt":"ambulancia y concentradores de ox\u00edgeno","pixels":4116480,"type":"image\/jpeg"}],"twitter_card":"summary_large_image","twitter_misc":{"Escrito por":"Terminal Portuario Paracas","Tiempo de lectura":"1 minuto"},"schema":{"@context":"https:\/\/schema.org","@graph":[{"@type":"WebSite","@id":"https:\/\/www.pdparacas.com.pe\/blog\/#website","url":"https:\/\/www.pdparacas.com.pe\/blog\/","name":"Puerto de Paracas - Blog","description":"","potentialAction":[{"@type":"SearchAction","target":{"@type":"EntryPoint","urlTemplate":"https:\/\/www.pdparacas.com.pe\/blog\/?s={search_term_string}"},"query-input":"required name=search_term_string"}],"inLanguage":"es"},{"@type":"ImageObject","@id":"https:\/\/www.pdparacas.com.pe\/blog\/fondo-social-entrego-una-ambulancia-y-concentradores-de-oxigeno-2\/#primaryimage","inLanguage":"es","url":"https:\/\/www.pdparacas.com.pe\/blog\/wp-content\/uploads\/2021\/05\/ministro-scaled.jpg","contentUrl":"https:\/\/www.pdparacas.com.pe\/blog\/wp-content\/uploads\/2021\/05\/ministro-scaled.jpg","width":2560,"height":1608,"caption":"ambulancia y concentradores de ox\u00edgeno"},{"@type":"WebPage","@id":"https:\/\/www.pdparacas.com.pe\/blog\/fondo-social-entrego-una-ambulancia-y-concentradores-de-oxigeno-2\/#webpage","url":"https:\/\/www.pdparacas.com.pe\/blog\/fondo-social-entrego-una-ambulancia-y-concentradores-de-oxigeno-2\/","name":"\u00ab Fondo Social entreg\u00f3 ambulancia y concentradores de ox\u00edgeno","isPartOf":{"@id":"https:\/\/www.pdparacas.com.pe\/blog\/#website"},"primaryImageOfPage":{"@id":"https:\/\/www.pdparacas.com.pe\/blog\/fondo-social-entrego-una-ambulancia-y-concentradores-de-oxigeno-2\/#primaryimage"},"datePublished":"2021-04-13T21:54:30+00:00","dateModified":"2021-08-02T01:14:44+00:00","author":{"@id":"https:\/\/www.pdparacas.com.pe\/blog\/#\/schema\/person\/ebadd3139f30a0fa1de92669876e27a8"},"description":"Te presentamos los detalles de la entrega de una ambulancia y concentradores de ox\u00edgeno por parte de nuestro Fondo Social. \u2705","breadcrumb":{"@id":"https:\/\/www.pdparacas.com.pe\/blog\/fondo-social-entrego-una-ambulancia-y-concentradores-de-oxigeno-2\/#breadcrumb"},"inLanguage":"es","potentialAction":[{"@type":"ReadAction","target":["https:\/\/www.pdparacas.com.pe\/blog\/fondo-social-entrego-una-ambulancia-y-concentradores-de-oxigeno-2\/"]}]},{"@type":"BreadcrumbList","@id":"https:\/\/www.pdparacas.com.pe\/blog\/fondo-social-entrego-una-ambulancia-y-concentradores-de-oxigeno-2\/#breadcrumb","itemListElement":[{"@type":"ListItem","position":1,"name":"Portada","item":"https:\/\/www.pdparacas.com.pe\/blog\/"},{"@type":"ListItem","position":2,"name":"FONDO SOCIAL ENTREG\u00d3 UNA AMBULANCIA Y CONCENTRADORES DE OX\u00cdGENO"}]},{"@type":"Person","@id":"https:\/\/www.pdparacas.com.pe\/blog\/#\/schema\/person\/ebadd3139f30a0fa1de92669876e27a8","name":"Terminal Portuario Paracas","image":{"@type":"ImageObject","@id":"https:\/\/www.pdparacas.com.pe\/blog\/#personlogo","inLanguage":"es","url":"https:\/\/www.pdparacas.com.pe\/blog\/wp-content\/uploads\/2021\/01\/blog-icono.jpg","contentUrl":"https:\/\/www.pdparacas.com.pe\/blog\/wp-content\/uploads\/2021\/01\/blog-icono.jpg","caption":"Terminal Portuario Paracas"},"url":"https:\/\/www.pdparacas.com.pe\/blog\/author\/wp_paracas\/"}]}},"_links":{"self":[{"href":"https:\/\/www.pdparacas.com.pe\/blog\/wp-json\/wp\/v2\/posts\/6359"}],"collection":[{"href":"https:\/\/www.pdparacas.com.pe\/blog\/wp-json\/wp\/v2\/posts"}],"about":[{"href":"https:\/\/www.pdparacas.com.pe\/blog\/wp-json\/wp\/v2\/types\/post"}],"author":[{"embeddable":true,"href":"https:\/\/www.pdparacas.com.pe\/blog\/wp-json\/wp\/v2\/users\/13"}],"replies":[{"embeddable":true,"href":"https:\/\/www.pdparacas.com.pe\/blog\/wp-json\/wp\/v2\/comments?post=6359"}],"version-history":[{"count":3,"href":"https:\/\/www.pdparacas.com.pe\/blog\/wp-json\/wp\/v2\/posts\/6359\/revisions"}],"predecessor-version":[{"id":6395,"href":"https:\/\/www.pdparacas.com.pe\/blog\/wp-json\/wp\/v2\/posts\/6359\/revisions\/6395"}],"wp:featuredmedia":[{"embeddable":true,"href":"https:\/\/www.pdparacas.com.pe\/blog\/wp-json\/wp\/v2\/media\/6361"}],"wp:attachment":[{"href":"https:\/\/www.pdparacas.com.pe\/blog\/wp-json\/wp\/v2\/media?parent=6359"}],"wp:term":[{"taxonomy":"category","embeddable":true,"href":"https:\/\/www.pdparacas.com.pe\/blog\/wp-json\/wp\/v2\/categories?post=6359"},{"taxonomy":"post_tag","embeddable":true,"href":"https:\/\/www.pdparacas.com.pe\/blog\/wp-json\/wp\/v2\/tags?post=6359"}],"curies":[{"name":"wp","href":"https:\/\/api.w.org\/{rel}","templated":true}]}}